{"id":10306,"date":"2022-12-08T09:17:52","date_gmt":"2022-12-08T13:17:52","guid":{"rendered":"https:\/\/pontapora.ms.gov.br\/v2\/?p=10306"},"modified":"2024-10-08T10:55:52","modified_gmt":"2024-10-08T14:55:52","slug":"seva-peroli-e-lina-decidem-taca-cidade-no-domingo","status":"publish","type":"post","link":"https:\/\/pontapora.ms.gov.br\/v2\/seva-peroli-e-lina-decidem-taca-cidade-no-domingo\/","title":{"rendered":"Seva Peroli e Li\u00f1a decidem Ta\u00e7a Cidade no domingo"},"content":{"rendered":"<p><strong>Decis\u00e3o do campeonato ser\u00e1 no domingo a partir das 9 horas no Est\u00e1dio Aral Moreira.<\/strong><\/p>\n<p>&nbsp;<\/p>\n<p>Os times do Li\u00f1a, de Pedro Juan Caballero e Seva Peroli, de Ponta Por\u00e3, ir\u00e3o decidir a 5\u00aa Ta\u00e7a Cidade Ponta Por\u00e3, F\u00e9, Esperan\u00e7a e Cultura de Futebol Su\u00ed\u00e7o. A decis\u00e3o da competi\u00e7\u00e3o ser\u00e1 neste domingo no Est\u00e1dio Municipal Aral Moreira. De acordo com a organiza\u00e7\u00e3o, antes do jogo que define o campe\u00e3o, acontece o confronto entre Sport 10 e Amistad Uno na defini\u00e7\u00e3o do terceiro e quarto colocado, com in\u00edcio previsto para \u00e0s 9h15, com quinze minutos de toler\u00e2ncia. A decis\u00e3o da temporada 2022 \u00e9 in\u00e9dita e deve levar a uma grande presen\u00e7a do p\u00fablico desportista ao local, a exemplo do que j\u00e1 foi registrado nas edi\u00e7\u00f5es anteriores e tamb\u00e9m durante a realiza\u00e7\u00e3o da atual competi\u00e7\u00e3o.<\/p>\n<p>Na semifinal disputada no dia 27 de novembro, o Li\u00f1a venceu o Sport 10 por 3 a 1 nos p\u00eanaltis, depois de um empate em 0 a 0 em um jogo bastante disputado.<\/p>\n<p>No segundo jogo, a Seva Peroli enfrentou o Amistad Uno. A partida foi equilibrada, mas a Seva acabou vencendo por 1 a 0 para se classificar a mais uma final de Ta\u00e7a Cidade e tentar o bi-campeonato.<\/p>\n<p>Para o confronto decisivo, o time da Vila \u00c1urea procurou manter a concentra\u00e7\u00e3o e focar o jogo decisivo. A miss\u00e3o dos jogadores e da comiss\u00e3o t\u00e9cnica \u00e9 levar para a Vila famosa, mais um t\u00edtulo da Ta\u00e7a Cidade, F\u00e9, Esperan\u00e7a e Cultura de Futebol Su\u00ed\u00e7o. No elenco, todos sabem que em jogo de decis\u00e3o de campeonato n\u00e3o existe favorito, mas todos garantem que estar\u00e3o prontos para o confronto que vai apontar o campe\u00e3o da temporada 2022.<\/p>\n<p>O time do Li\u00f1a sabe que ter\u00e1 uma dura e \u00e1rdua miss\u00e3o para chegar ao trof\u00e9u de campe\u00e3o e sabe tamb\u00e9m que vai enfrentar um time forte e considerado favorito. Mas os atletas sabem que na pr\u00e1tica, a hist\u00f3ria pode ser escrita de forma bem diferente. Com muita determina\u00e7\u00e3o e ra\u00e7a o time foi eliminando rivais igualmente fortes para alcan\u00e7ar mais uma decis\u00e3o. Agora o objetivo \u00e9 conquistar o t\u00edtulo t\u00e3o sonhado pela equipe. E para isso ter\u00e1 que passar pelo determinado advers\u00e1rio.<\/p>\n<p>As quatro equipes semifinalistas j\u00e1 garantem a premia\u00e7\u00e3o de 11 mil reais no total.<strong>\u00a0 <\/strong>O quarto colocado da competi\u00e7\u00e3o ganha o trof\u00e9u, 1.000 reais e 3 grades de cerveja. O terceiro lugar vai levar um trof\u00e9u, 20 medalhas, 2.000 reais e 5 grades de cerveja. O vice-campe\u00e3o fatura 20 medalhas, trof\u00e9u, 3.000 reais e 7 grades de cerveja. E o campe\u00e3o vai fazer a festa, com 20 medalhas, trof\u00e9u de campe\u00e3o e o trof\u00e9u transit\u00f3rio, al\u00e9m de 5.000 reais pela conquista do t\u00edtulo do torneio. O goleiro menos vazado e o artilheiro do campeonato tamb\u00e9m ser\u00e3o premiados com trof\u00e9us. O campeonato tem total apoio da Prefeitura do munic\u00edpio, atrav\u00e9s da Funcespp \u2013 Funda\u00e7\u00e3o de Cultura e Esporte de Ponta Por\u00e3.<\/p>\n<p>* Diretoria de Comunica\u00e7\u00e3o<\/p>\n<p>&nbsp;<\/p>\n<p><img loading=\"lazy\" decoding=\"async\" class=\"size-medium wp-image-10308\" src=\"https:\/\/pontapora.ms.gov.br\/v2\/wp-content\/uploads\/2022\/12\/DSC_0934-300x149.jpg\" alt=\"\" width=\"300\" height=\"149\" srcset=\"https:\/\/pontapora.ms.gov.br\/v2\/wp-content\/uploads\/2022\/12\/DSC_0934-300x149.jpg 300w, https:\/\/pontapora.ms.gov.br\/v2\/wp-content\/uploads\/2022\/12\/DSC_0934-1024x508.jpg 1024w, https:\/\/pontapora.ms.gov.br\/v2\/wp-content\/uploads\/2022\/12\/DSC_0934-768x381.jpg 768w, https:\/\/pontapora.ms.gov.br\/v2\/wp-content\/uploads\/2022\/12\/DSC_0934-1536x763.jpg 1536w, https:\/\/pontapora.ms.gov.br\/v2\/wp-content\/uploads\/2022\/12\/DSC_0934-2048x1017.jpg 2048w, https:\/\/pontapora.ms.gov.br\/v2\/wp-content\/uploads\/2022\/12\/DSC_0934-696x346.jpg 696w, https:\/\/pontapora.ms.gov.br\/v2\/wp-content\/uploads\/2022\/12\/DSC_0934-1068x530.jpg 1068w, https:\/\/pontapora.ms.gov.br\/v2\/wp-content\/uploads\/2022\/12\/DSC_0934-1920x953.jpg 1920w, https:\/\/pontapora.ms.gov.br\/v2\/wp-content\/uploads\/2022\/12\/DSC_0934-846x420.jpg 846w, https:\/\/pontapora.ms.gov.br\/v2\/wp-content\/uploads\/2022\/12\/DSC_0934-324x160.jpg 324w\" sizes=\"auto, (max-width: 300px) 100vw, 300px\" \/><\/p>\n<p>&nbsp;<\/p>\n<p><img loading=\"lazy\" decoding=\"async\" class=\"size-medium wp-image-10309\" src=\"https:\/\/pontapora.ms.gov.br\/v2\/wp-content\/uploads\/2022\/12\/DSC_0935-300x181.jpg\" alt=\"\" width=\"300\" height=\"181\" srcset=\"https:\/\/pontapora.ms.gov.br\/v2\/wp-content\/uploads\/2022\/12\/DSC_0935-300x181.jpg 300w, https:\/\/pontapora.ms.gov.br\/v2\/wp-content\/uploads\/2022\/12\/DSC_0935-1024x618.jpg 1024w, https:\/\/pontapora.ms.gov.br\/v2\/wp-content\/uploads\/2022\/12\/DSC_0935-768x464.jpg 768w, https:\/\/pontapora.ms.gov.br\/v2\/wp-content\/uploads\/2022\/12\/DSC_0935-1536x927.jpg 1536w, https:\/\/pontapora.ms.gov.br\/v2\/wp-content\/uploads\/2022\/12\/DSC_0935-2048x1236.jpg 2048w, https:\/\/pontapora.ms.gov.br\/v2\/wp-content\/uploads\/2022\/12\/DSC_0935-696x420.jpg 696w, https:\/\/pontapora.ms.gov.br\/v2\/wp-content\/uploads\/2022\/12\/DSC_0935-1068x645.jpg 1068w, https:\/\/pontapora.ms.gov.br\/v2\/wp-content\/uploads\/2022\/12\/DSC_0935-1920x1159.jpg 1920w\" sizes=\"auto, (max-width: 300px) 100vw, 300px\" \/><\/p>\n","protected":false},"excerpt":{"rendered":"<p>Decis\u00e3o do campeonato ser\u00e1 no domingo a partir das 9 horas no Est\u00e1dio Aral Moreira. &nbsp; Os times do Li\u00f1a, de Pedro Juan Caballero e Seva Peroli, de Ponta Por\u00e3, ir\u00e3o decidir a 5\u00aa Ta\u00e7a Cidade Ponta Por\u00e3, F\u00e9, Esperan\u00e7a e Cultura de Futebol Su\u00ed\u00e7o. A decis\u00e3o da competi\u00e7\u00e3o ser\u00e1 neste domingo no Est\u00e1dio Municipal [&hellip;]<\/p>\n","protected":false},"author":25,"featured_media":10307,"comment_status":"closed","ping_status":"closed","sticky":false,"template":"","format":"standard","meta":{"ngg_post_thumbnail":0,"footnotes":""},"categories":[17,14,8],"tags":[],"class_list":["post-10306","post","type-post","status-publish","format-standard","has-post-thumbnail","hentry","category-destaques","category-fundacao-de-cultura-e-esportes-de-ponta-pora","category-secretaria-municipal-de-educacao-esporte-cultura-e-lazer"],"_links":{"self":[{"href":"https:\/\/pontapora.ms.gov.br\/v2\/wp-json\/wp\/v2\/posts\/10306","targetHints":{"allow":["GET"]}}],"collection":[{"href":"https:\/\/pontapora.ms.gov.br\/v2\/wp-json\/wp\/v2\/posts"}],"about":[{"href":"https:\/\/pontapora.ms.gov.br\/v2\/wp-json\/wp\/v2\/types\/post"}],"author":[{"embeddable":true,"href":"https:\/\/pontapora.ms.gov.br\/v2\/wp-json\/wp\/v2\/users\/25"}],"replies":[{"embeddable":true,"href":"https:\/\/pontapora.ms.gov.br\/v2\/wp-json\/wp\/v2\/comments?post=10306"}],"version-history":[{"count":2,"href":"https:\/\/pontapora.ms.gov.br\/v2\/wp-json\/wp\/v2\/posts\/10306\/revisions"}],"predecessor-version":[{"id":10311,"href":"https:\/\/pontapora.ms.gov.br\/v2\/wp-json\/wp\/v2\/posts\/10306\/revisions\/10311"}],"wp:featuredmedia":[{"embeddable":true,"href":"https:\/\/pontapora.ms.gov.br\/v2\/wp-json\/wp\/v2\/media\/10307"}],"wp:attachment":[{"href":"https:\/\/pontapora.ms.gov.br\/v2\/wp-json\/wp\/v2\/media?parent=10306"}],"wp:term":[{"taxonomy":"category","embeddable":true,"href":"https:\/\/pontapora.ms.gov.br\/v2\/wp-json\/wp\/v2\/categories?post=10306"},{"taxonomy":"post_tag","embeddable":true,"href":"https:\/\/pontapora.ms.gov.br\/v2\/wp-json\/wp\/v2\/tags?post=10306"}],"curies":[{"name":"wp","href":"https:\/\/api.w.org\/{rel}","templated":true}]}}