{"id":1214,"date":"2017-07-13T16:26:53","date_gmt":"2017-07-13T20:26:53","guid":{"rendered":"http:\/\/pontapora.ms.gov.br\/v2\/?p=1214"},"modified":"2024-10-08T11:07:43","modified_gmt":"2024-10-08T15:07:43","slug":"helio-da-boas-vindas-aos-novos-servidores","status":"publish","type":"post","link":"https:\/\/pontapora.ms.gov.br\/v2\/helio-da-boas-vindas-aos-novos-servidores\/","title":{"rendered":"H\u00e9lio d\u00e1 boas vindas aos novos servidores"},"content":{"rendered":"<p>&nbsp;<\/p>\n<p>O prefeito de Ponta Por\u00e3, H\u00e9lio Peluffo, acompanhado de secret\u00e1rios municipais, recepcionou na manh\u00e3 de ontem a primeira turma de candidatos aprovados em concurso p\u00fablico e convocados para tomar posse. O ato aconteceu no anfiteatro do Pa\u00e7o Municipal na manh\u00e3 desta quarta-feira, 12.<\/p>\n<p>Ao desejar boas vindas a todos e todas, o prefeito H\u00e9lio Peluffo fez uma r\u00e1pida explana\u00e7\u00e3o sobre a \u00b4judicializa\u00e7\u00e3o\u00b4 da posse, afirmando que enquanto gestor municipal jamais foi contra a convoca\u00e7\u00e3o apenas havia solicitado ao antecessor que esperasse para efetuar a chamada, pois assim que assumisse faria uma avalia\u00e7\u00e3o das \u00e1reas onde os candidatos aprovados seriam locados. Ele citou o exemplo para o cargo de motorista, onde n\u00e3o h\u00e1 vagas. \u201c\u00c9 um problema pois n\u00e3o h\u00e1 onde lotar\u201d, disse H\u00e9lio.<\/p>\n<p>\u201cApenas entendemos que a administra\u00e7\u00e3o passada fez tudo errado em rela\u00e7\u00e3o ao concurso, na hora errada, no momento errado o ex-prefeito fez o concurso. Mas, assim que assumimos, tivemos a preocupa\u00e7\u00e3o de na Educa\u00e7\u00e3o, por exemplo, contratar os aprovados no concurso, e hoje muitos apenas est\u00e3o mudando de regime de trabalho, ou seja, passando de contratado a efetivo\u201d, atestou o prefeito.<\/p>\n<p>Antes da fala do prefeito, a Secret\u00e1ria de Administra\u00e7\u00e3o, Dulce Manosso abriu o ato de posse afirmando que os empossados a partir daquele instante estavam assumindo compromisso com a popula\u00e7\u00e3o de Ponta Por\u00e3 \u201cna \u00e1rea onde forem atuar no servi\u00e7o p\u00fablico municipal\u201d. O prefeito H\u00e9lio Peluffo disse ainda que o munic\u00edpio vive um momento muito especial e as conquistas est\u00e3o come\u00e7ando a chegar.<\/p>\n<p>\u201cApesar de um cen\u00e1rio nada positivo para o pa\u00eds para o ano que vem, estamos fazendo nossa parte e nos preparando para continuar crescendo pelos pr\u00f3ximos anos\u201d, destacou o prefeito.<\/p>\n<p>POSSE \u2013 A Secretaria de Administra\u00e7\u00e3o preparou escala para apresenta\u00e7\u00e3o e posse dos aprovados convocados no concurso. Ontem, dia 12, tomaram posse para os cargos de ajudante de manuten\u00e7\u00e3o, auxiliar de servi\u00e7os diversos, auxiliar de administra\u00e7\u00e3o, professor de arte e professor de Educa\u00e7\u00e3o Infantil.<\/p>\n<p>J\u00e1 nesta quinta-feira, 13, estar\u00e3o tomando posse convocados para os cargos de Assistente Administrativo II, cirurgi\u00e3o dentista (estrat\u00e9gia Sa\u00fade da Fam\u00edlia \u2013 ESF Zona urbana), enfermeiro, enfermeiro (estrat\u00e9gia Sa\u00fade da Fam\u00edlia \u2013 ESF \u2013 zona rural), enfermeiro (estrat\u00e9gia Sa\u00fade da Fam\u00edlia \u2013 ESF \u2013 zona urbana), fonoaudi\u00f3logo, nutricionista, pedagogo, psic\u00f3logo, oficial de cozinha, agente de combate a endemias (programa de a\u00e7\u00f5es priorit\u00e1rias de vigil\u00e2ncia em sa\u00fade \u2013 zona urbana), motorista I (\u00f4nibus\/ambul\u00e2ncia \u2013 unidade de sa\u00fade Cabeceira do Apa), motorista I (\u00f4nibus e ambul\u00e2ncia), motorista III (ve\u00edculo leve). O Decreto de convoca\u00e7\u00e3o n\u00famero 7.871, foi publicado no Di\u00e1rio Oficial do munic\u00edpio de Ponta Por\u00e3 na quarta-feira, 06 de julho 2017.<img loading=\"lazy\" decoding=\"async\" class=\"alignnone size-medium wp-image-1215\" src=\"http:\/\/pontapora.ms.gov.br\/v2\/wp-content\/uploads\/2017\/07\/Prefeito-H\u00e9lio-desejou-boas-vindas-aos-novos-servidores-municipais-Foto-L\u00e9cio-Aguilera-300x200.jpg\" alt=\"\" width=\"300\" height=\"200\" srcset=\"https:\/\/pontapora.ms.gov.br\/v2\/wp-content\/uploads\/2017\/07\/Prefeito-H\u00e9lio-desejou-boas-vindas-aos-novos-servidores-municipais-Foto-L\u00e9cio-Aguilera-300x200.jpg 300w, https:\/\/pontapora.ms.gov.br\/v2\/wp-content\/uploads\/2017\/07\/Prefeito-H\u00e9lio-desejou-boas-vindas-aos-novos-servidores-municipais-Foto-L\u00e9cio-Aguilera-768x512.jpg 768w, https:\/\/pontapora.ms.gov.br\/v2\/wp-content\/uploads\/2017\/07\/Prefeito-H\u00e9lio-desejou-boas-vindas-aos-novos-servidores-municipais-Foto-L\u00e9cio-Aguilera-1024x683.jpg 1024w, https:\/\/pontapora.ms.gov.br\/v2\/wp-content\/uploads\/2017\/07\/Prefeito-H\u00e9lio-desejou-boas-vindas-aos-novos-servidores-municipais-Foto-L\u00e9cio-Aguilera-577x385.jpg 577w, https:\/\/pontapora.ms.gov.br\/v2\/wp-content\/uploads\/2017\/07\/Prefeito-H\u00e9lio-desejou-boas-vindas-aos-novos-servidores-municipais-Foto-L\u00e9cio-Aguilera-285x190.jpg 285w\" sizes=\"auto, (max-width: 300px) 100vw, 300px\" \/><\/p>\n","protected":false},"excerpt":{"rendered":"<p>&nbsp; O prefeito de Ponta Por\u00e3, H\u00e9lio Peluffo, acompanhado de secret\u00e1rios municipais, recepcionou na manh\u00e3 de ontem a primeira turma de candidatos aprovados em concurso p\u00fablico e convocados para tomar posse. O ato aconteceu no anfiteatro do Pa\u00e7o Municipal na manh\u00e3 desta quarta-feira, 12. Ao desejar boas vindas a todos e todas, o prefeito H\u00e9lio [&hellip;]<\/p>\n","protected":false},"author":10,"featured_media":1216,"comment_status":"closed","ping_status":"closed","sticky":false,"template":"","format":"standard","meta":{"ngg_post_thumbnail":0,"footnotes":""},"categories":[17,20],"tags":[],"class_list":["post-1214","post","type-post","status-publish","format-standard","has-post-thumbnail","hentry","category-destaques","category-prefeito"],"_links":{"self":[{"href":"https:\/\/pontapora.ms.gov.br\/v2\/wp-json\/wp\/v2\/posts\/1214","targetHints":{"allow":["GET"]}}],"collection":[{"href":"https:\/\/pontapora.ms.gov.br\/v2\/wp-json\/wp\/v2\/posts"}],"about":[{"href":"https:\/\/pontapora.ms.gov.br\/v2\/wp-json\/wp\/v2\/types\/post"}],"author":[{"embeddable":true,"href":"https:\/\/pontapora.ms.gov.br\/v2\/wp-json\/wp\/v2\/users\/10"}],"replies":[{"embeddable":true,"href":"https:\/\/pontapora.ms.gov.br\/v2\/wp-json\/wp\/v2\/comments?post=1214"}],"version-history":[{"count":1,"href":"https:\/\/pontapora.ms.gov.br\/v2\/wp-json\/wp\/v2\/posts\/1214\/revisions"}],"predecessor-version":[{"id":1217,"href":"https:\/\/pontapora.ms.gov.br\/v2\/wp-json\/wp\/v2\/posts\/1214\/revisions\/1217"}],"wp:featuredmedia":[{"embeddable":true,"href":"https:\/\/pontapora.ms.gov.br\/v2\/wp-json\/wp\/v2\/media\/1216"}],"wp:attachment":[{"href":"https:\/\/pontapora.ms.gov.br\/v2\/wp-json\/wp\/v2\/media?parent=1214"}],"wp:term":[{"taxonomy":"category","embeddable":true,"href":"https:\/\/pontapora.ms.gov.br\/v2\/wp-json\/wp\/v2\/categories?post=1214"},{"taxonomy":"post_tag","embeddable":true,"href":"https:\/\/pontapora.ms.gov.br\/v2\/wp-json\/wp\/v2\/tags?post=1214"}],"curies":[{"name":"wp","href":"https:\/\/api.w.org\/{rel}","templated":true}]}}