{"id":14123,"date":"2024-04-09T12:26:27","date_gmt":"2024-04-09T16:26:27","guid":{"rendered":"https:\/\/pontapora.ms.gov.br\/v2\/?p=14123"},"modified":"2024-10-08T10:50:39","modified_gmt":"2024-10-08T14:50:39","slug":"prefeitura-estimula-criacao-de-associacao-dos-chapas-e-freteiros-instalados-na-linha-internacional","status":"publish","type":"post","link":"https:\/\/pontapora.ms.gov.br\/v2\/prefeitura-estimula-criacao-de-associacao-dos-chapas-e-freteiros-instalados-na-linha-internacional\/","title":{"rendered":"Prefeitura estimula cria\u00e7\u00e3o de associa\u00e7\u00e3o dos chapas e freteiros instalados na linha internacional"},"content":{"rendered":"<p class=\"MsoNormal\" style=\"line-height: normal;margin: 6.0pt 0cm 6.0pt 0cm\"><span style=\"font-size: 14.0pt;font-family: 'Times New Roman','serif'\">A Prefeitura Municipal de Ponta Por\u00e3, atrav\u00e9s da Secretaria de Desenvolvimento, Ind\u00fastria, Com\u00e9rcio e Turismo, manteve reuni\u00e3o nesta segunda-feira, 08, com v\u00e1rios profissionais aut\u00f4nomos que trabalham na linha internacional, divisa entre Ponta Por\u00e3 e Pedro Juan Caballero. <\/span><\/p>\n<p class=\"MsoNormal\" style=\"line-height: normal;margin: 6.0pt 0cm 6.0pt 0cm\"><span style=\"font-size: 14.0pt;font-family: 'Times New Roman','serif'\">Com a obra de reforma e Revitaliza\u00e7\u00e3o da Linha Internacional ser\u00e1 constru\u00eddo ponto para que estes profissionais fiquem abrigados das intemp\u00e9ries do tempo e possam tocar seus neg\u00f3cios. A sugest\u00e3o da Secretaria \u00e9 no sentido de que eles se organizem em algo como uma associa\u00e7\u00e3o de chapas e freteiros. Essa entidade a ser criada \u00e9 quem receber\u00e1 o termo de posse para uso da edifica\u00e7\u00e3o e ser\u00e1 respons\u00e1vel pela sua manuten\u00e7\u00e3o. <\/span><\/p>\n<p class=\"MsoNormal\" style=\"line-height: normal;margin: 6.0pt 0cm 6.0pt 0cm\"><span style=\"font-size: 14.0pt;font-family: 'Times New Roman','serif'\">Na reuni\u00e3o realizada e conduzida pela Secret\u00e1ria Municipal de Desenvolvimento, Ind\u00fastria, Com\u00e9rcio e Turismo, Raquel Lageano e sua Adjunta Valk\u00edria Capusso, estiveram presentes cerca de 16 profissionais e a maioria concorda em criar a associa\u00e7\u00e3o. <\/span><\/p>\n<p class=\"MsoNormal\" style=\"line-height: normal;margin: 6.0pt 0cm 6.0pt 0cm\"><span style=\"font-size: 14.0pt;font-family: 'Times New Roman','serif'\">A revitaliza\u00e7\u00e3o da linha internacional tem 5,7 quil\u00f4metros de extens\u00e3o e ser\u00e1 constru\u00edda pra\u00e7a, pista de caminhada, ciclovia, estacionamento, novo terminal de \u00f4nibus, quadra poliesportiva, campo de grama sint\u00e9tica, \u00e1rea para eventos e muito verde. O valor do investimento \u00e9 na ordem de <span>\u00a0<\/span>R$ 85 milh\u00f5es de reais em parceria com o FONPLATA, Governo do Estado de Mato Grosso do Sul e o Munic\u00edpio de Ponta Por\u00e3.<\/span><\/p>\n<p class=\"MsoNormal\" style=\"line-height: normal;margin: 6.0pt 0cm 6.0pt 0cm\"><span style=\"font-size: 14.0pt;font-family: 'Times New Roman','serif'\">* Diretoria de Comunica\u00e7\u00e3o <\/span><\/p>\n","protected":false},"excerpt":{"rendered":"<p>A Prefeitura Municipal de Ponta Por\u00e3, atrav\u00e9s da Secretaria de Desenvolvimento, Ind\u00fastria, Com\u00e9rcio e Turismo, manteve reuni\u00e3o nesta segunda-feira, 08, com v\u00e1rios profissionais aut\u00f4nomos que trabalham na linha internacional, divisa entre Ponta Por\u00e3 e Pedro Juan Caballero. Com a obra de reforma e Revitaliza\u00e7\u00e3o da Linha Internacional ser\u00e1 constru\u00eddo ponto para que estes profissionais fiquem [&hellip;]<\/p>\n","protected":false},"author":25,"featured_media":14124,"comment_status":"closed","ping_status":"closed","sticky":false,"template":"","format":"standard","meta":{"ngg_post_thumbnail":0,"footnotes":""},"categories":[17,20,12],"tags":[],"class_list":["post-14123","post","type-post","status-publish","format-standard","has-post-thumbnail","hentry","category-destaques","category-prefeito","category-secretaria-municipal-de-desenvolvimento-sustentavel"],"_links":{"self":[{"href":"https:\/\/pontapora.ms.gov.br\/v2\/wp-json\/wp\/v2\/posts\/14123","targetHints":{"allow":["GET"]}}],"collection":[{"href":"https:\/\/pontapora.ms.gov.br\/v2\/wp-json\/wp\/v2\/posts"}],"about":[{"href":"https:\/\/pontapora.ms.gov.br\/v2\/wp-json\/wp\/v2\/types\/post"}],"author":[{"embeddable":true,"href":"https:\/\/pontapora.ms.gov.br\/v2\/wp-json\/wp\/v2\/users\/25"}],"replies":[{"embeddable":true,"href":"https:\/\/pontapora.ms.gov.br\/v2\/wp-json\/wp\/v2\/comments?post=14123"}],"version-history":[{"count":1,"href":"https:\/\/pontapora.ms.gov.br\/v2\/wp-json\/wp\/v2\/posts\/14123\/revisions"}],"predecessor-version":[{"id":14125,"href":"https:\/\/pontapora.ms.gov.br\/v2\/wp-json\/wp\/v2\/posts\/14123\/revisions\/14125"}],"wp:featuredmedia":[{"embeddable":true,"href":"https:\/\/pontapora.ms.gov.br\/v2\/wp-json\/wp\/v2\/media\/14124"}],"wp:attachment":[{"href":"https:\/\/pontapora.ms.gov.br\/v2\/wp-json\/wp\/v2\/media?parent=14123"}],"wp:term":[{"taxonomy":"category","embeddable":true,"href":"https:\/\/pontapora.ms.gov.br\/v2\/wp-json\/wp\/v2\/categories?post=14123"},{"taxonomy":"post_tag","embeddable":true,"href":"https:\/\/pontapora.ms.gov.br\/v2\/wp-json\/wp\/v2\/tags?post=14123"}],"curies":[{"name":"wp","href":"https:\/\/api.w.org\/{rel}","templated":true}]}}