{"id":15390,"date":"2024-11-08T10:37:57","date_gmt":"2024-11-08T14:37:57","guid":{"rendered":"https:\/\/pontapora.ms.gov.br\/v2\/?p=15390"},"modified":"2024-11-08T10:37:57","modified_gmt":"2024-11-08T14:37:57","slug":"ladroes-agem-novamente-e-desta-vez-semaforo-na-avenida-brasil-e-o-alvo","status":"publish","type":"post","link":"https:\/\/pontapora.ms.gov.br\/v2\/ladroes-agem-novamente-e-desta-vez-semaforo-na-avenida-brasil-e-o-alvo\/","title":{"rendered":"Ladr\u00f5es agem novamente e desta vez sem\u00e1foro na Avenida Brasil \u00e9 o alvo"},"content":{"rendered":"<p>Ladr\u00f5es agiram novamente e furtaram toda a fia\u00e7\u00e3o que atravessa a Avenida Brasil, no cruzamento com a Rua Pedro Celestino. A equipe de manuten\u00e7\u00e3o descobriu o furto ao averiguar a raz\u00e3o de o conjunto semaf\u00f3rico n\u00e3o estar funcionando.<\/p>\n<p>A suspeita \u00e9 que os marginais agiram durante a madrugada, aproveitando-se do pouco movimento. N\u00e3o \u00e9 a primeira vez que esse tipo de crime \u00e9 praticado \u2013 o furto da fia\u00e7\u00e3o \u2013 e a sua continuidade vem causando grande preju\u00edzo er\u00e1rio p\u00fablico para a sua reposi\u00e7\u00e3o.<\/p>\n<p>Nesta sexta-feira, mais um Boletim de Ocorr\u00eancia ser\u00e1 registrado. Enquanto isso, as equipes de manuten\u00e7\u00e3o est\u00e3o trabalhando para repor e religar o conjunto semaf\u00f3rico.<\/p>\n<p>* Diretoria de Comunica\u00e7\u00e3o<\/p>\n<p><img loading=\"lazy\" decoding=\"async\" class=\"alignnone size-medium wp-image-15391\" src=\"https:\/\/pontapora.ms.gov.br\/v2\/wp-content\/uploads\/2024\/11\/semaforo-01-225x300.jpg\" alt=\"\" width=\"225\" height=\"300\" srcset=\"https:\/\/pontapora.ms.gov.br\/v2\/wp-content\/uploads\/2024\/11\/semaforo-01-225x300.jpg 225w, https:\/\/pontapora.ms.gov.br\/v2\/wp-content\/uploads\/2024\/11\/semaforo-01-768x1024.jpg 768w, https:\/\/pontapora.ms.gov.br\/v2\/wp-content\/uploads\/2024\/11\/semaforo-01-1152x1536.jpg 1152w, https:\/\/pontapora.ms.gov.br\/v2\/wp-content\/uploads\/2024\/11\/semaforo-01-1536x2048.jpg 1536w, https:\/\/pontapora.ms.gov.br\/v2\/wp-content\/uploads\/2024\/11\/semaforo-01-696x928.jpg 696w, https:\/\/pontapora.ms.gov.br\/v2\/wp-content\/uploads\/2024\/11\/semaforo-01-1068x1424.jpg 1068w, https:\/\/pontapora.ms.gov.br\/v2\/wp-content\/uploads\/2024\/11\/semaforo-01-scaled.jpg 1920w, https:\/\/pontapora.ms.gov.br\/v2\/wp-content\/uploads\/2024\/11\/semaforo-01-315x420.jpg 315w\" sizes=\"auto, (max-width: 225px) 100vw, 225px\" \/> <img loading=\"lazy\" decoding=\"async\" class=\"alignnone size-medium wp-image-15392\" src=\"https:\/\/pontapora.ms.gov.br\/v2\/wp-content\/uploads\/2024\/11\/semaforo-02-225x300.jpg\" alt=\"\" width=\"225\" height=\"300\" srcset=\"https:\/\/pontapora.ms.gov.br\/v2\/wp-content\/uploads\/2024\/11\/semaforo-02-225x300.jpg 225w, https:\/\/pontapora.ms.gov.br\/v2\/wp-content\/uploads\/2024\/11\/semaforo-02-768x1024.jpg 768w, https:\/\/pontapora.ms.gov.br\/v2\/wp-content\/uploads\/2024\/11\/semaforo-02-1152x1536.jpg 1152w, https:\/\/pontapora.ms.gov.br\/v2\/wp-content\/uploads\/2024\/11\/semaforo-02-1536x2048.jpg 1536w, https:\/\/pontapora.ms.gov.br\/v2\/wp-content\/uploads\/2024\/11\/semaforo-02-696x928.jpg 696w, https:\/\/pontapora.ms.gov.br\/v2\/wp-content\/uploads\/2024\/11\/semaforo-02-1068x1424.jpg 1068w, https:\/\/pontapora.ms.gov.br\/v2\/wp-content\/uploads\/2024\/11\/semaforo-02-scaled.jpg 1920w, https:\/\/pontapora.ms.gov.br\/v2\/wp-content\/uploads\/2024\/11\/semaforo-02-315x420.jpg 315w\" sizes=\"auto, (max-width: 225px) 100vw, 225px\" \/> <img loading=\"lazy\" decoding=\"async\" class=\"alignnone size-medium wp-image-15393\" src=\"https:\/\/pontapora.ms.gov.br\/v2\/wp-content\/uploads\/2024\/11\/semaforo-03-225x300.jpg\" alt=\"\" width=\"225\" height=\"300\" srcset=\"https:\/\/pontapora.ms.gov.br\/v2\/wp-content\/uploads\/2024\/11\/semaforo-03-225x300.jpg 225w, https:\/\/pontapora.ms.gov.br\/v2\/wp-content\/uploads\/2024\/11\/semaforo-03-768x1024.jpg 768w, https:\/\/pontapora.ms.gov.br\/v2\/wp-content\/uploads\/2024\/11\/semaforo-03-1152x1536.jpg 1152w, https:\/\/pontapora.ms.gov.br\/v2\/wp-content\/uploads\/2024\/11\/semaforo-03-1536x2048.jpg 1536w, https:\/\/pontapora.ms.gov.br\/v2\/wp-content\/uploads\/2024\/11\/semaforo-03-696x928.jpg 696w, https:\/\/pontapora.ms.gov.br\/v2\/wp-content\/uploads\/2024\/11\/semaforo-03-1068x1424.jpg 1068w, https:\/\/pontapora.ms.gov.br\/v2\/wp-content\/uploads\/2024\/11\/semaforo-03-scaled.jpg 1920w, https:\/\/pontapora.ms.gov.br\/v2\/wp-content\/uploads\/2024\/11\/semaforo-03-315x420.jpg 315w\" sizes=\"auto, (max-width: 225px) 100vw, 225px\" \/> <img loading=\"lazy\" decoding=\"async\" class=\"alignnone size-medium wp-image-15394\" src=\"https:\/\/pontapora.ms.gov.br\/v2\/wp-content\/uploads\/2024\/11\/semaforo-300x225.jpg\" alt=\"\" width=\"300\" height=\"225\" srcset=\"https:\/\/pontapora.ms.gov.br\/v2\/wp-content\/uploads\/2024\/11\/semaforo-300x225.jpg 300w, https:\/\/pontapora.ms.gov.br\/v2\/wp-content\/uploads\/2024\/11\/semaforo-1024x768.jpg 1024w, https:\/\/pontapora.ms.gov.br\/v2\/wp-content\/uploads\/2024\/11\/semaforo-768x576.jpg 768w, https:\/\/pontapora.ms.gov.br\/v2\/wp-content\/uploads\/2024\/11\/semaforo-1536x1152.jpg 1536w, https:\/\/pontapora.ms.gov.br\/v2\/wp-content\/uploads\/2024\/11\/semaforo-2048x1536.jpg 2048w, https:\/\/pontapora.ms.gov.br\/v2\/wp-content\/uploads\/2024\/11\/semaforo-696x522.jpg 696w, https:\/\/pontapora.ms.gov.br\/v2\/wp-content\/uploads\/2024\/11\/semaforo-1068x801.jpg 1068w, https:\/\/pontapora.ms.gov.br\/v2\/wp-content\/uploads\/2024\/11\/semaforo-1920x1440.jpg 1920w, https:\/\/pontapora.ms.gov.br\/v2\/wp-content\/uploads\/2024\/11\/semaforo-560x420.jpg 560w, https:\/\/pontapora.ms.gov.br\/v2\/wp-content\/uploads\/2024\/11\/semaforo-80x60.jpg 80w, https:\/\/pontapora.ms.gov.br\/v2\/wp-content\/uploads\/2024\/11\/semaforo-265x198.jpg 265w\" sizes=\"auto, (max-width: 300px) 100vw, 300px\" \/><\/p>\n","protected":false},"excerpt":{"rendered":"<p>Ladr\u00f5es agiram novamente e furtaram toda a fia\u00e7\u00e3o que atravessa a Avenida Brasil, no cruzamento com a Rua Pedro Celestino. A equipe de manuten\u00e7\u00e3o descobriu o furto ao averiguar a raz\u00e3o de o conjunto semaf\u00f3rico n\u00e3o estar funcionando. A suspeita \u00e9 que os marginais agiram durante a madrugada, aproveitando-se do pouco movimento. N\u00e3o \u00e9 a [&hellip;]<\/p>\n","protected":false},"author":25,"featured_media":15391,"comment_status":"closed","ping_status":"closed","sticky":false,"template":"","format":"standard","meta":{"ngg_post_thumbnail":0,"footnotes":""},"categories":[17,20,11],"tags":[],"class_list":["post-15390","post","type-post","status-publish","format-standard","has-post-thumbnail","hentry","category-destaques","category-prefeito","category-secretaria-municipal-de-obras-e-urbanismo"],"_links":{"self":[{"href":"https:\/\/pontapora.ms.gov.br\/v2\/wp-json\/wp\/v2\/posts\/15390","targetHints":{"allow":["GET"]}}],"collection":[{"href":"https:\/\/pontapora.ms.gov.br\/v2\/wp-json\/wp\/v2\/posts"}],"about":[{"href":"https:\/\/pontapora.ms.gov.br\/v2\/wp-json\/wp\/v2\/types\/post"}],"author":[{"embeddable":true,"href":"https:\/\/pontapora.ms.gov.br\/v2\/wp-json\/wp\/v2\/users\/25"}],"replies":[{"embeddable":true,"href":"https:\/\/pontapora.ms.gov.br\/v2\/wp-json\/wp\/v2\/comments?post=15390"}],"version-history":[{"count":1,"href":"https:\/\/pontapora.ms.gov.br\/v2\/wp-json\/wp\/v2\/posts\/15390\/revisions"}],"predecessor-version":[{"id":15395,"href":"https:\/\/pontapora.ms.gov.br\/v2\/wp-json\/wp\/v2\/posts\/15390\/revisions\/15395"}],"wp:featuredmedia":[{"embeddable":true,"href":"https:\/\/pontapora.ms.gov.br\/v2\/wp-json\/wp\/v2\/media\/15391"}],"wp:attachment":[{"href":"https:\/\/pontapora.ms.gov.br\/v2\/wp-json\/wp\/v2\/media?parent=15390"}],"wp:term":[{"taxonomy":"category","embeddable":true,"href":"https:\/\/pontapora.ms.gov.br\/v2\/wp-json\/wp\/v2\/categories?post=15390"},{"taxonomy":"post_tag","embeddable":true,"href":"https:\/\/pontapora.ms.gov.br\/v2\/wp-json\/wp\/v2\/tags?post=15390"}],"curies":[{"name":"wp","href":"https:\/\/api.w.org\/{rel}","templated":true}]}}