{"id":18919,"date":"2025-09-25T16:36:22","date_gmt":"2025-09-25T20:36:22","guid":{"rendered":"https:\/\/pontapora.ms.gov.br\/v2\/?p=18919"},"modified":"2025-09-25T16:36:22","modified_gmt":"2025-09-25T20:36:22","slug":"prefeitura-de-ponta-pora-discute-com-comunidade-da-aldeia-pirakua-construcao-de-casas-pelo-minha-casa-minha-vida-rural","status":"publish","type":"post","link":"https:\/\/pontapora.ms.gov.br\/v2\/prefeitura-de-ponta-pora-discute-com-comunidade-da-aldeia-pirakua-construcao-de-casas-pelo-minha-casa-minha-vida-rural\/","title":{"rendered":"Prefeitura de Ponta Por\u00e3 discute com comunidade da Aldeia Piraku\u00e1 constru\u00e7\u00e3o de casas pelo Minha Casa Minha Vida Rural"},"content":{"rendered":"<p><strong>Programa habitacional contempla fam\u00edlias ind\u00edgenas com moradias adaptadas \u00e0s tradi\u00e7\u00f5es e necessidades locais<\/strong><\/p>\n<p>A Prefeitura de Ponta Por\u00e3, por meio da Secretaria Municipal de Habita\u00e7\u00e3o, realizou na manh\u00e3 desta quarta-feira uma reuni\u00e3o com a comunidade ind\u00edgena da Aldeia Piraku\u00e1. O encontro teve como objetivo a apresenta\u00e7\u00e3o e discuss\u00e3o do Plano de Execu\u00e7\u00e3o de Saneamento Ambiental e Territorial (PESAT), etapa fundamental para o planejamento e valida\u00e7\u00e3o do projeto habitacional do programa Minha Casa Minha Vida Rural.<\/p>\n<p>A reuni\u00e3o contou com a presen\u00e7a de representantes da Funda\u00e7\u00e3o Nacional dos Povos Ind\u00edgenas (Funai), que apresentou oficialmente o plano \u00e0 comunidade Guarani-Kaiow\u00e1. Durante o encontro, foram explicados os detalhes do cronograma de obras e aberta a escuta das lideran\u00e7as ind\u00edgenas, garantindo a consulta e pactua\u00e7\u00e3o necess\u00e1rias antes do in\u00edcio das constru\u00e7\u00f5es.<\/p>\n<p>De acordo com a Funai, a participa\u00e7\u00e3o da comunidade \u00e9 essencial para assegurar que as moradias sejam constru\u00eddas com adequa\u00e7\u00e3o cultural, respeitando tradi\u00e7\u00f5es, formas de uso do espa\u00e7o e necessidades locais. Al\u00e9m de articular o di\u00e1logo entre governo federal, Estado, munic\u00edpios e comunidades, o \u00f3rg\u00e3o tamb\u00e9m acompanhar\u00e1 a execu\u00e7\u00e3o das obras.<\/p>\n<p>O atendimento das fam\u00edlias ind\u00edgenas com o programa habitacional \u00e9 resultado da integra\u00e7\u00e3o entre Governo Federal, Governo Estadual e munic\u00edpios. A iniciativa amplia o acesso \u00e0 moradia em territ\u00f3rios historicamente negligenciados, promovendo inclus\u00e3o social com respeito \u00e0s especificidades culturais, sociais e territoriais de cada comunidade.<\/p>\n<p>Edilson Jos\u00e9, Assessoria de Comunica\u00e7\u00e3o<\/p>\n<figure id=\"attachment_18921\" aria-describedby=\"caption-attachment-18921\" style=\"width: 300px\" class=\"wp-caption alignnone\"><img loading=\"lazy\" decoding=\"async\" class=\"size-medium wp-image-18921\" src=\"https:\/\/pontapora.ms.gov.br\/v2\/wp-content\/uploads\/2025\/09\/WhatsApp-Image-2025-09-25-at-15.07.39-300x201.jpeg\" alt=\"\" width=\"300\" height=\"201\" srcset=\"https:\/\/pontapora.ms.gov.br\/v2\/wp-content\/uploads\/2025\/09\/WhatsApp-Image-2025-09-25-at-15.07.39-300x201.jpeg 300w, https:\/\/pontapora.ms.gov.br\/v2\/wp-content\/uploads\/2025\/09\/WhatsApp-Image-2025-09-25-at-15.07.39-1024x685.jpeg 1024w, https:\/\/pontapora.ms.gov.br\/v2\/wp-content\/uploads\/2025\/09\/WhatsApp-Image-2025-09-25-at-15.07.39-768x514.jpeg 768w, https:\/\/pontapora.ms.gov.br\/v2\/wp-content\/uploads\/2025\/09\/WhatsApp-Image-2025-09-25-at-15.07.39-628x420.jpeg 628w, https:\/\/pontapora.ms.gov.br\/v2\/wp-content\/uploads\/2025\/09\/WhatsApp-Image-2025-09-25-at-15.07.39-696x466.jpeg 696w, https:\/\/pontapora.ms.gov.br\/v2\/wp-content\/uploads\/2025\/09\/WhatsApp-Image-2025-09-25-at-15.07.39-1068x715.jpeg 1068w, https:\/\/pontapora.ms.gov.br\/v2\/wp-content\/uploads\/2025\/09\/WhatsApp-Image-2025-09-25-at-15.07.39.jpeg 1197w\" sizes=\"auto, (max-width: 300px) 100vw, 300px\" \/><figcaption id=\"caption-attachment-18921\" class=\"wp-caption-text\">Plano de Execu\u00e7\u00e3o de Saneamento Ambiental e Territorial (PESAT) foi apresentado para comunidade da Aldeia Piraku\u00e1<\/figcaption><\/figure>\n","protected":false},"excerpt":{"rendered":"<p>Programa habitacional contempla fam\u00edlias ind\u00edgenas com moradias adaptadas \u00e0s tradi\u00e7\u00f5es e necessidades locais A Prefeitura de Ponta Por\u00e3, por meio da Secretaria Municipal de Habita\u00e7\u00e3o, realizou na manh\u00e3 desta quarta-feira uma reuni\u00e3o com a comunidade ind\u00edgena da Aldeia Piraku\u00e1. O encontro teve como objetivo a apresenta\u00e7\u00e3o e discuss\u00e3o do Plano de Execu\u00e7\u00e3o de Saneamento Ambiental [&hellip;]<\/p>\n","protected":false},"author":25,"featured_media":18920,"comment_status":"closed","ping_status":"closed","sticky":false,"template":"","format":"standard","meta":{"ngg_post_thumbnail":0,"footnotes":""},"categories":[17,20,5,15,11],"tags":[],"class_list":["post-18919","post","type-post","status-publish","format-standard","has-post-thumbnail","hentry","category-destaques","category-prefeito","category-secretaria-municipal-de-governo-e-comunicacao","category-secretaria-municipal-de-habitacao","category-secretaria-municipal-de-obras-e-urbanismo"],"_links":{"self":[{"href":"https:\/\/pontapora.ms.gov.br\/v2\/wp-json\/wp\/v2\/posts\/18919","targetHints":{"allow":["GET"]}}],"collection":[{"href":"https:\/\/pontapora.ms.gov.br\/v2\/wp-json\/wp\/v2\/posts"}],"about":[{"href":"https:\/\/pontapora.ms.gov.br\/v2\/wp-json\/wp\/v2\/types\/post"}],"author":[{"embeddable":true,"href":"https:\/\/pontapora.ms.gov.br\/v2\/wp-json\/wp\/v2\/users\/25"}],"replies":[{"embeddable":true,"href":"https:\/\/pontapora.ms.gov.br\/v2\/wp-json\/wp\/v2\/comments?post=18919"}],"version-history":[{"count":1,"href":"https:\/\/pontapora.ms.gov.br\/v2\/wp-json\/wp\/v2\/posts\/18919\/revisions"}],"predecessor-version":[{"id":18922,"href":"https:\/\/pontapora.ms.gov.br\/v2\/wp-json\/wp\/v2\/posts\/18919\/revisions\/18922"}],"wp:featuredmedia":[{"embeddable":true,"href":"https:\/\/pontapora.ms.gov.br\/v2\/wp-json\/wp\/v2\/media\/18920"}],"wp:attachment":[{"href":"https:\/\/pontapora.ms.gov.br\/v2\/wp-json\/wp\/v2\/media?parent=18919"}],"wp:term":[{"taxonomy":"category","embeddable":true,"href":"https:\/\/pontapora.ms.gov.br\/v2\/wp-json\/wp\/v2\/categories?post=18919"},{"taxonomy":"post_tag","embeddable":true,"href":"https:\/\/pontapora.ms.gov.br\/v2\/wp-json\/wp\/v2\/tags?post=18919"}],"curies":[{"name":"wp","href":"https:\/\/api.w.org\/{rel}","templated":true}]}}