{"id":18960,"date":"2025-10-02T10:17:52","date_gmt":"2025-10-02T14:17:52","guid":{"rendered":"https:\/\/pontapora.ms.gov.br\/v2\/?p=18960"},"modified":"2025-10-02T10:17:52","modified_gmt":"2025-10-02T14:17:52","slug":"ju-souc-trio-sera-uma-das-atracoes-da-fronteira-criativa-nesta-sexta-feira","status":"publish","type":"post","link":"https:\/\/pontapora.ms.gov.br\/v2\/ju-souc-trio-sera-uma-das-atracoes-da-fronteira-criativa-nesta-sexta-feira\/","title":{"rendered":"Ju Souc Trio ser\u00e1 uma das atra\u00e7\u00f5es da Fronteira Criativa nesta sexta-feira"},"content":{"rendered":"<p><strong>Evento realizado pela Prefeitura de Ponta Por\u00e3 fomenta a economia criativa e oferece op\u00e7\u00f5es gratuitas de cultura e lazer para a popula\u00e7\u00e3o<\/strong><\/p>\n<p>A Prefeitura de Ponta Por\u00e3, por meio da Secretaria de Desenvolvimento Integrado, realiza neste final de semana \u2013 sexta e s\u00e1bado \u2013 dias 3 e 4, mais uma edi\u00e7\u00e3o da Fronteira Criativa, evento que incentiva empreendedores locais, fomentando o com\u00e9rcio de artesanato, moda autoral e moda circular, acess\u00f3rios, pra\u00e7a de alimenta\u00e7\u00e3o e com diversas apresenta\u00e7\u00f5es culturais com entrada gratuita para o p\u00fablico.<\/p>\n<p>E nesta sexta-feira, uma das atra\u00e7\u00f5es ser\u00e1 Ju Souc Trio que apresentar\u00e1 ao p\u00fablico o seu projeto que representa mais que m\u00fasica, um show carregado uma pauta urgente: o combate \u00e0 viol\u00eancia contra a mulher. A arte \u00e9 apresentada como ferramenta de transforma\u00e7\u00e3o social e de promo\u00e7\u00e3o da visibilidade feminina.<\/p>\n<p>Depois de passar por Campo Grande e Navira\u00ed, o projeto \u201cJu Souc Trio\u201d desembarca em Ponta Por\u00e3, terceira cidade a receber a circula\u00e7\u00e3o que percorre quatro munic\u00edpios de Mato Grosso do Sul. O show ser\u00e1 realizado \u00e0s 19h30 desta sexta-feira, durante a Feira Fronteira Criativa, no espa\u00e7o da Pra\u00e7a Pedro Manvailer, que fica na Rua Ant\u00f4nio Jo\u00e3o esquina com Rua Sete de Setembro, ao lado da Prefeitura Municipal. A entrada \u00e9 gratuita e a classifica\u00e7\u00e3o \u00e9 livre.<\/p>\n<p>Produzido e liderado pela compositora e multi-instrumentista Ju Souc, o trio \u00e9 formado ainda por M\u00e1rcio Alves de Jesus (percuss\u00e3o) e Willian Ferreira (baixo). A proposta \u00e9 levar m\u00fasica autoral e brasilidades, aliadas a um forte vi\u00e9s de consci\u00eancia social, tendo a arte como ferramenta de combate \u00e0 misoginia e de promo\u00e7\u00e3o da visibilidade das mulheres.<\/p>\n<p>Na estrada desde setembro, o projeto tem emocionado o p\u00fablico por onde passa. Para Ju Souc, a experi\u00eancia de circular com o trabalho pelo Estado amplia a for\u00e7a da mensagem e a conex\u00e3o com diferentes culturas.<\/p>\n<p>\u201cTem sido transformador levar esse projeto a cidades t\u00e3o diversas de Mato Grosso do Sul. Estar em Ponta Por\u00e3, que traz em suas ra\u00edzes essa identidade transfronteiri\u00e7a t\u00e3o rica, \u00e9 motivo de grande empolga\u00e7\u00e3o. A m\u00fasica dialoga com fronteiras e aqui isso ganha ainda mais sentido: \u00e9 a oportunidade de compartilhar brasilidades e reflex\u00f5es com um p\u00fablico que respira m\u00faltiplas culturas\u201d, afirma a idealizadora do projeto.<\/p>\n<p>O show em Ponta Por\u00e3 ser\u00e1 realizado em parceria com a Prefeitura Municipal e UFMS dentro do evento Fronteira Criativa. Para Leonardo Souza Silva, diretor do Campus da UFMS em Ponta Por\u00e3, a chegada do projeto traz um marco de cultura e cidadania.<\/p>\n<p>\u201c\u00c9 sempre uma satisfa\u00e7\u00e3o receber apresenta\u00e7\u00f5es musicais como essa, que nos permitem conhecer e valorizar ainda mais os nossos artistas. Ter o \u2018Ju Souc Trio\u2019 dentro do Fronteira Criativa, amplia o alcance do projeto e d\u00e1 um significado especial \u00e0 programa\u00e7\u00e3o. A arte e a cultura cumprem um papel fundamental na forma\u00e7\u00e3o dos nossos estudantes e no fortalecimento da nossa comunidade acad\u00eamica. E, quando essa m\u00fasica vem acompanhada de uma pauta t\u00e3o necess\u00e1ria, como o enfrentamento \u00e0 viol\u00eancia contra a mulher, o impacto \u00e9 ainda maior. \u00c9 arte e transforma\u00e7\u00e3o social\u201d.<\/p>\n<p>Ap\u00f3s a passagem por Ponta Por\u00e3, Ju Souc Trio far\u00e1 uma apresenta\u00e7\u00e3o no munic\u00edpio de Aquidauana. O projeto \u00e9 realizado com recursos da PNAB &#8211; Pol\u00edtica Nacional Aldir Blanc, do MinC &#8211; Minist\u00e9rio da Cultura &#8211; e Governo Federal, por meio de edital da Funda\u00e7\u00e3o de Cultura de Mato Grosso do Sul (FCMS), Setesc e Governo do Estado. Informa\u00e7\u00f5es sobre o projeto pelo Instagram (@jusouc.music).<\/p>\n<p><strong>Bastidores<\/strong> &#8211; Embora celebre brasilidades, ritmos e cria\u00e7\u00f5es autorais, o projeto tamb\u00e9m chama aten\u00e7\u00e3o para uma dura realidade. O Estado de Mato Grosso do Sul segue entre os estados com os maiores \u00edndices de feminic\u00eddio do Brasil.<\/p>\n<p>De acordo com o Anu\u00e1rio Brasileiro de Seguran\u00e7a P\u00fablica 2024, o MS ocupa a segunda maior taxa nacional de viol\u00eancia contra a mulher, ficando atr\u00e1s apenas de Mato Grosso. S\u00f3 at\u00e9 setembro deste ano, j\u00e1 foram registradas 28 mulheres v\u00edtimas de feminic\u00eddio e 1.720 casos de viol\u00eancia dom\u00e9stica, conforme publicado no site Monitor de Viol\u00eancia Contra a Mulher.<\/p>\n<figure id=\"attachment_18962\" aria-describedby=\"caption-attachment-18962\" style=\"width: 300px\" class=\"wp-caption alignnone\"><img loading=\"lazy\" decoding=\"async\" class=\"size-medium wp-image-18962\" src=\"https:\/\/pontapora.ms.gov.br\/v2\/wp-content\/uploads\/2025\/10\/Ju-Souc-Fotografia_-Evandro-Sudre-84-300x188.png\" alt=\"\" width=\"300\" height=\"188\" srcset=\"https:\/\/pontapora.ms.gov.br\/v2\/wp-content\/uploads\/2025\/10\/Ju-Souc-Fotografia_-Evandro-Sudre-84-300x188.png 300w, https:\/\/pontapora.ms.gov.br\/v2\/wp-content\/uploads\/2025\/10\/Ju-Souc-Fotografia_-Evandro-Sudre-84-768x480.png 768w, https:\/\/pontapora.ms.gov.br\/v2\/wp-content\/uploads\/2025\/10\/Ju-Souc-Fotografia_-Evandro-Sudre-84-671x420.png 671w, https:\/\/pontapora.ms.gov.br\/v2\/wp-content\/uploads\/2025\/10\/Ju-Souc-Fotografia_-Evandro-Sudre-84-696x435.png 696w, https:\/\/pontapora.ms.gov.br\/v2\/wp-content\/uploads\/2025\/10\/Ju-Souc-Fotografia_-Evandro-Sudre-84.png 780w\" sizes=\"auto, (max-width: 300px) 100vw, 300px\" \/><figcaption id=\"caption-attachment-18962\" class=\"wp-caption-text\">Ju Souc Trio desembarca em Ponta Por\u00e3 para show na Fronteira Criativa nesta sexta-feira, dia 3 de outubro<\/figcaption><\/figure>\n","protected":false},"excerpt":{"rendered":"<p>Evento realizado pela Prefeitura de Ponta Por\u00e3 fomenta a economia criativa e oferece op\u00e7\u00f5es gratuitas de cultura e lazer para a popula\u00e7\u00e3o A Prefeitura de Ponta Por\u00e3, por meio da Secretaria de Desenvolvimento Integrado, realiza neste final de semana \u2013 sexta e s\u00e1bado \u2013 dias 3 e 4, mais uma edi\u00e7\u00e3o da Fronteira Criativa, evento [&hellip;]<\/p>\n","protected":false},"author":25,"featured_media":18961,"comment_status":"closed","ping_status":"closed","sticky":false,"template":"","format":"standard","meta":{"ngg_post_thumbnail":0,"footnotes":""},"categories":[17,14,20,12,121,5],"tags":[],"class_list":["post-18960","post","type-post","status-publish","format-standard","has-post-thumbnail","hentry","category-destaques","category-fundacao-de-cultura-e-esportes-de-ponta-pora","category-prefeito","category-secretaria-municipal-de-desenvolvimento-sustentavel","category-secretaria-municipal-de-esporte-e-lazer","category-secretaria-municipal-de-governo-e-comunicacao"],"_links":{"self":[{"href":"https:\/\/pontapora.ms.gov.br\/v2\/wp-json\/wp\/v2\/posts\/18960","targetHints":{"allow":["GET"]}}],"collection":[{"href":"https:\/\/pontapora.ms.gov.br\/v2\/wp-json\/wp\/v2\/posts"}],"about":[{"href":"https:\/\/pontapora.ms.gov.br\/v2\/wp-json\/wp\/v2\/types\/post"}],"author":[{"embeddable":true,"href":"https:\/\/pontapora.ms.gov.br\/v2\/wp-json\/wp\/v2\/users\/25"}],"replies":[{"embeddable":true,"href":"https:\/\/pontapora.ms.gov.br\/v2\/wp-json\/wp\/v2\/comments?post=18960"}],"version-history":[{"count":1,"href":"https:\/\/pontapora.ms.gov.br\/v2\/wp-json\/wp\/v2\/posts\/18960\/revisions"}],"predecessor-version":[{"id":18963,"href":"https:\/\/pontapora.ms.gov.br\/v2\/wp-json\/wp\/v2\/posts\/18960\/revisions\/18963"}],"wp:featuredmedia":[{"embeddable":true,"href":"https:\/\/pontapora.ms.gov.br\/v2\/wp-json\/wp\/v2\/media\/18961"}],"wp:attachment":[{"href":"https:\/\/pontapora.ms.gov.br\/v2\/wp-json\/wp\/v2\/media?parent=18960"}],"wp:term":[{"taxonomy":"category","embeddable":true,"href":"https:\/\/pontapora.ms.gov.br\/v2\/wp-json\/wp\/v2\/categories?post=18960"},{"taxonomy":"post_tag","embeddable":true,"href":"https:\/\/pontapora.ms.gov.br\/v2\/wp-json\/wp\/v2\/tags?post=18960"}],"curies":[{"name":"wp","href":"https:\/\/api.w.org\/{rel}","templated":true}]}}