{"id":22095,"date":"2026-09-01T09:29:23","date_gmt":"2026-09-01T13:29:23","guid":{"rendered":"https:\/\/pontapora.ms.gov.br\/v2\/?p=22095"},"modified":"2026-09-01T09:31:20","modified_gmt":"2026-09-01T13:31:20","slug":"vacinacao-antirrabica-imuniza-mais-de-mil-animais-em-ponta-pora","status":"publish","type":"post","link":"https:\/\/pontapora.ms.gov.br\/v2\/vacinacao-antirrabica-imuniza-mais-de-mil-animais-em-ponta-pora\/","title":{"rendered":"Vacina\u00e7\u00e3o antirr\u00e1bica imuniza mais de mil animais em Ponta Por\u00e3"},"content":{"rendered":"<p><strong>Campanha foi realizada no \u00faltimo s\u00e1bado em dois pontos estrat\u00e9gicos e chega ao distrito de Nova Itamarati no pr\u00f3ximo s\u00e1bado, dia 5<\/strong><\/p>\n<p>A Prefeitura de Ponta Por\u00e3, por meio da Secretaria Municipal de Sa\u00fade e da Unidade de Vigil\u00e2ncia de Zoonoses (UVZ), realizou mais uma a\u00e7\u00e3o de vacina\u00e7\u00e3o antirr\u00e1bica no munic\u00edpio. A campanha aconteceu no \u00faltimo s\u00e1bado, dia 29 de agosto, em dois pontos estrat\u00e9gicos: Horto Florestal e Parque dos Ervais. Ao todo, 1.066 c\u00e3es e gatos foram imunizados.<\/p>\n<p>Conforme o levantamento da Secretaria Municipal de Sa\u00fade, no Horto Florestal foram vacinados 618 animais, sendo 507 c\u00e3es e 111 gatos. No Parque dos Ervais, outros 448 animais receberam a vacina, sendo 318 c\u00e3es e 130 gatos.<\/p>\n<p>Segundo a Secretaria de Sa\u00fade, a participa\u00e7\u00e3o dos tutores foi considerada satisfat\u00f3ria. A vacina\u00e7\u00e3o \u00e9 uma importante medida de preven\u00e7\u00e3o e contribui para proteger n\u00e3o apenas os animais, mas tamb\u00e9m a popula\u00e7\u00e3o. A campanha refor\u00e7a o compromisso do munic\u00edpio com a sa\u00fade p\u00fablica e o bem-estar animal.<\/p>\n<p><strong>NOVA ITAMARATI<\/strong><\/p>\n<p>No distrito de Nova Itamarati, a vacina\u00e7\u00e3o antirr\u00e1bica ser\u00e1 realizada nos pr\u00f3ximos dois s\u00e1bados, dias 5 e 12 de setembro. No dia 5, o atendimento ser\u00e1 realizado na Subprefeitura. J\u00e1 no dia 12, a vacina\u00e7\u00e3o acontecer\u00e1 na sede da Associa\u00e7\u00e3o do Itamarati. Nos dois dias, o atendimento ser\u00e1 das 8h \u00e0s 12h.<\/p>\n<p>A equipe de vacina\u00e7\u00e3o orienta os tutores a levarem os c\u00e3es utilizando coleira e guia. Os gatos devem ser transportados em caixas apropriadas. Para receber a vacina, os animais devem estar em boas condi\u00e7\u00f5es de sa\u00fade.<\/p>\n<p><strong>PREVEN\u00c7\u00c3O<\/strong><\/p>\n<p>A raiva \u00e9 uma doen\u00e7a viral grave que pode acometer animais e seres humanos. A transmiss\u00e3o ocorre principalmente por meio da mordida, arranhadura ou lambedura de animais infectados. A doen\u00e7a n\u00e3o tem cura e pode ser fatal, por isso a vacina\u00e7\u00e3o \u00e9 a principal forma de preven\u00e7\u00e3o.<\/p>\n<p>Entre os sinais que podem indicar a presen\u00e7a da doen\u00e7a nos animais est\u00e3o altera\u00e7\u00f5es de comportamento, agressividade ou apatia, saliva\u00e7\u00e3o excessiva, dificuldade para engolir e fraqueza nas patas traseiras.<\/p>\n<p>A Prefeitura refor\u00e7a a import\u00e2ncia de os tutores manterem a vacina\u00e7\u00e3o dos animais em dia e participarem das a\u00e7\u00f5es promovidas pelo munic\u00edpio.<\/p>\n<p>*Edilson Jos\u00e9, Assessoria de Comunica\u00e7\u00e3o<\/p>\n<figure id=\"attachment_22096\" aria-describedby=\"caption-attachment-22096\" style=\"width: 300px\" class=\"wp-caption alignnone\"><img loading=\"lazy\" decoding=\"async\" class=\"size-medium wp-image-22096\" src=\"https:\/\/pontapora.ms.gov.br\/v2\/wp-content\/uploads\/2026\/09\/WhatsApp-Image-2026-08-31-at-17.38.59-300x169.jpeg\" alt=\"\" width=\"300\" height=\"169\" srcset=\"https:\/\/pontapora.ms.gov.br\/v2\/wp-content\/uploads\/2026\/09\/WhatsApp-Image-2026-08-31-at-17.38.59-300x169.jpeg 300w, https:\/\/pontapora.ms.gov.br\/v2\/wp-content\/uploads\/2026\/09\/WhatsApp-Image-2026-08-31-at-17.38.59-768x432.jpeg 768w, https:\/\/pontapora.ms.gov.br\/v2\/wp-content\/uploads\/2026\/09\/WhatsApp-Image-2026-08-31-at-17.38.59-747x420.jpeg 747w, https:\/\/pontapora.ms.gov.br\/v2\/wp-content\/uploads\/2026\/09\/WhatsApp-Image-2026-08-31-at-17.38.59-696x392.jpeg 696w, https:\/\/pontapora.ms.gov.br\/v2\/wp-content\/uploads\/2026\/09\/WhatsApp-Image-2026-08-31-at-17.38.59.jpeg 1024w\" sizes=\"auto, (max-width: 300px) 100vw, 300px\" \/><figcaption id=\"caption-attachment-22096\" class=\"wp-caption-text\">Segundo a Secretaria Municipal de Sa\u00fade, durante campanha de vacina\u00e7\u00e3o antirr\u00e1bica no \u00faltimo s\u00e1bado, 1.066 c\u00e3es e gatos foram imunizados<\/figcaption><\/figure>\n<p><img loading=\"lazy\" decoding=\"async\" class=\"alignnone size-medium wp-image-22097\" src=\"https:\/\/pontapora.ms.gov.br\/v2\/wp-content\/uploads\/2026\/09\/WhatsApp-Image-2026-08-31-at-17.38.59-1-300x207.jpeg\" alt=\"\" width=\"300\" height=\"207\" srcset=\"https:\/\/pontapora.ms.gov.br\/v2\/wp-content\/uploads\/2026\/09\/WhatsApp-Image-2026-08-31-at-17.38.59-1-300x207.jpeg 300w, https:\/\/pontapora.ms.gov.br\/v2\/wp-content\/uploads\/2026\/09\/WhatsApp-Image-2026-08-31-at-17.38.59-1-768x529.jpeg 768w, https:\/\/pontapora.ms.gov.br\/v2\/wp-content\/uploads\/2026\/09\/WhatsApp-Image-2026-08-31-at-17.38.59-1-610x420.jpeg 610w, https:\/\/pontapora.ms.gov.br\/v2\/wp-content\/uploads\/2026\/09\/WhatsApp-Image-2026-08-31-at-17.38.59-1-218x150.jpeg 218w, https:\/\/pontapora.ms.gov.br\/v2\/wp-content\/uploads\/2026\/09\/WhatsApp-Image-2026-08-31-at-17.38.59-1-696x479.jpeg 696w, https:\/\/pontapora.ms.gov.br\/v2\/wp-content\/uploads\/2026\/09\/WhatsApp-Image-2026-08-31-at-17.38.59-1-100x70.jpeg 100w, https:\/\/pontapora.ms.gov.br\/v2\/wp-content\/uploads\/2026\/09\/WhatsApp-Image-2026-08-31-at-17.38.59-1.jpeg 1024w\" sizes=\"auto, (max-width: 300px) 100vw, 300px\" \/><\/p>\n<p><img loading=\"lazy\" decoding=\"async\" class=\"alignnone size-medium wp-image-22098\" src=\"https:\/\/pontapora.ms.gov.br\/v2\/wp-content\/uploads\/2026\/09\/WhatsApp-Image-2026-08-31-at-17.38.59-2-300x156.jpeg\" alt=\"\" width=\"300\" height=\"156\" srcset=\"https:\/\/pontapora.ms.gov.br\/v2\/wp-content\/uploads\/2026\/09\/WhatsApp-Image-2026-08-31-at-17.38.59-2-300x156.jpeg 300w, https:\/\/pontapora.ms.gov.br\/v2\/wp-content\/uploads\/2026\/09\/WhatsApp-Image-2026-08-31-at-17.38.59-2-768x399.jpeg 768w, https:\/\/pontapora.ms.gov.br\/v2\/wp-content\/uploads\/2026\/09\/WhatsApp-Image-2026-08-31-at-17.38.59-2-808x420.jpeg 808w, https:\/\/pontapora.ms.gov.br\/v2\/wp-content\/uploads\/2026\/09\/WhatsApp-Image-2026-08-31-at-17.38.59-2-696x362.jpeg 696w, https:\/\/pontapora.ms.gov.br\/v2\/wp-content\/uploads\/2026\/09\/WhatsApp-Image-2026-08-31-at-17.38.59-2.jpeg 1024w\" sizes=\"auto, (max-width: 300px) 100vw, 300px\" \/><\/p>\n","protected":false},"excerpt":{"rendered":"<p>Campanha foi realizada no \u00faltimo s\u00e1bado em dois pontos estrat\u00e9gicos e chega ao distrito de Nova Itamarati no pr\u00f3ximo s\u00e1bado, dia 5 A Prefeitura de Ponta Por\u00e3, por meio da Secretaria Municipal de Sa\u00fade e da Unidade de Vigil\u00e2ncia de Zoonoses (UVZ), realizou mais uma a\u00e7\u00e3o de vacina\u00e7\u00e3o antirr\u00e1bica no munic\u00edpio. A campanha aconteceu no [&hellip;]<\/p>\n","protected":false},"author":25,"featured_media":22096,"comment_status":"closed","ping_status":"closed","sticky":false,"template":"","format":"standard","meta":{"ngg_post_thumbnail":0,"footnotes":""},"categories":[17,20,5,9],"tags":[],"class_list":["post-22095","post","type-post","status-publish","format-standard","has-post-thumbnail","hentry","category-destaques","category-prefeito","category-secretaria-municipal-de-governo-e-comunicacao","category-secretaria-municipal-de-saude"],"yoast_head":"<!-- This site is optimized with the Yoast SEO plugin v28.3 - https:\/\/yoast.com\/product\/yoast-seo-wordpress\/ -->\n<title>Vacina\u00e7\u00e3o antirr\u00e1bica imuniza mais de mil animais em Ponta Por\u00e3 - Prefeitura Municipal de Ponta Por\u00e3<\/title>\n<meta name=\"robots\" content=\"index, follow, max-snippet:-1, max-image-preview:large, max-video-preview:-1\" \/>\n<link rel=\"canonical\" href=\"https:\/\/pontapora.ms.gov.br\/v2\/vacinacao-antirrabica-imuniza-mais-de-mil-animais-em-ponta-pora\/\" \/>\n<meta property=\"og:locale\" content=\"pt_BR\" \/>\n<meta property=\"og:type\" content=\"article\" \/>\n<meta property=\"og:title\" content=\"Vacina\u00e7\u00e3o antirr\u00e1bica imuniza mais de mil animais em Ponta Por\u00e3 - Prefeitura Municipal de Ponta Por\u00e3\" \/>\n<meta property=\"og:description\" content=\"Campanha foi realizada no \u00faltimo s\u00e1bado em dois pontos estrat\u00e9gicos e chega ao distrito de Nova Itamarati no pr\u00f3ximo s\u00e1bado, dia 5 A Prefeitura de Ponta Por\u00e3, por meio da Secretaria Municipal de Sa\u00fade e da Unidade de Vigil\u00e2ncia de Zoonoses (UVZ), realizou mais uma a\u00e7\u00e3o de vacina\u00e7\u00e3o antirr\u00e1bica no munic\u00edpio. A campanha aconteceu no [&hellip;]\" \/>\n<meta property=\"og:url\" content=\"https:\/\/pontapora.ms.gov.br\/v2\/vacinacao-antirrabica-imuniza-mais-de-mil-animais-em-ponta-pora\/\" \/>\n<meta property=\"og:site_name\" content=\"Prefeitura Municipal de Ponta Por\u00e3\" \/>\n<meta property=\"article:published_time\" content=\"2026-09-01T13:29:23+00:00\" \/>\n<meta property=\"article:modified_time\" content=\"2026-09-01T13:31:20+00:00\" \/>\n<meta property=\"og:image\" content=\"https:\/\/pontapora.ms.gov.br\/v2\/wp-content\/uploads\/2026\/09\/WhatsApp-Image-2026-08-31-at-17.38.59.jpeg\" \/>\n\t<meta property=\"og:image:width\" content=\"1024\" \/>\n\t<meta property=\"og:image:height\" content=\"576\" \/>\n\t<meta property=\"og:image:type\" content=\"image\/jpeg\" \/>\n<meta name=\"author\" content=\"Imprensa Prefeitura de Ponta Por\u00e3\" \/>\n<meta name=\"twitter:card\" content=\"summary_large_image\" \/>\n<meta name=\"twitter:label1\" content=\"Escrito por\" \/>\n\t<meta name=\"twitter:data1\" content=\"Imprensa Prefeitura de Ponta Por\u00e3\" \/>\n\t<meta name=\"twitter:label2\" content=\"Est. tempo de leitura\" \/>\n\t<meta name=\"twitter:data2\" content=\"3 minutos\" \/>\n<script type=\"application\/ld+json\" class=\"yoast-schema-graph\">{\"@context\":\"https:\\\/\\\/schema.org\",\"@graph\":[{\"@type\":\"Article\",\"@id\":\"https:\\\/\\\/pontapora.ms.gov.br\\\/v2\\\/vacinacao-antirrabica-imuniza-mais-de-mil-animais-em-ponta-pora\\\/#article\",\"isPartOf\":{\"@id\":\"https:\\\/\\\/pontapora.ms.gov.br\\\/v2\\\/vacinacao-antirrabica-imuniza-mais-de-mil-animais-em-ponta-pora\\\/\"},\"author\":{\"name\":\"Imprensa Prefeitura de Ponta Por\u00e3\",\"@id\":\"https:\\\/\\\/pontapora.ms.gov.br\\\/v2\\\/#\\\/schema\\\/person\\\/c91b86c57a59f05fc3daa62765e63a17\"},\"headline\":\"Vacina\u00e7\u00e3o antirr\u00e1bica imuniza mais de mil animais em Ponta Por\u00e3\",\"datePublished\":\"2026-09-01T13:29:23+00:00\",\"dateModified\":\"2026-09-01T13:31:20+00:00\",\"mainEntityOfPage\":{\"@id\":\"https:\\\/\\\/pontapora.ms.gov.br\\\/v2\\\/vacinacao-antirrabica-imuniza-mais-de-mil-animais-em-ponta-pora\\\/\"},\"wordCount\":440,\"publisher\":{\"@id\":\"https:\\\/\\\/pontapora.ms.gov.br\\\/v2\\\/#organization\"},\"image\":{\"@id\":\"https:\\\/\\\/pontapora.ms.gov.br\\\/v2\\\/vacinacao-antirrabica-imuniza-mais-de-mil-animais-em-ponta-pora\\\/#primaryimage\"},\"thumbnailUrl\":\"https:\\\/\\\/pontapora.ms.gov.br\\\/v2\\\/wp-content\\\/uploads\\\/2026\\\/09\\\/WhatsApp-Image-2026-08-31-at-17.38.59.jpeg\",\"articleSection\":[\"Destaques\",\"Prefeito\",\"Secretaria Municipal de Governo e Comunica\u00e7\u00e3o\",\"Secretaria Municipal de Sa\u00fade\"],\"inLanguage\":\"pt-BR\"},{\"@type\":\"WebPage\",\"@id\":\"https:\\\/\\\/pontapora.ms.gov.br\\\/v2\\\/vacinacao-antirrabica-imuniza-mais-de-mil-animais-em-ponta-pora\\\/\",\"url\":\"https:\\\/\\\/pontapora.ms.gov.br\\\/v2\\\/vacinacao-antirrabica-imuniza-mais-de-mil-animais-em-ponta-pora\\\/\",\"name\":\"Vacina\u00e7\u00e3o antirr\u00e1bica imuniza mais de mil animais em Ponta Por\u00e3 - Prefeitura Municipal de Ponta Por\u00e3\",\"isPartOf\":{\"@id\":\"https:\\\/\\\/pontapora.ms.gov.br\\\/v2\\\/#website\"},\"primaryImageOfPage\":{\"@id\":\"https:\\\/\\\/pontapora.ms.gov.br\\\/v2\\\/vacinacao-antirrabica-imuniza-mais-de-mil-animais-em-ponta-pora\\\/#primaryimage\"},\"image\":{\"@id\":\"https:\\\/\\\/pontapora.ms.gov.br\\\/v2\\\/vacinacao-antirrabica-imuniza-mais-de-mil-animais-em-ponta-pora\\\/#primaryimage\"},\"thumbnailUrl\":\"https:\\\/\\\/pontapora.ms.gov.br\\\/v2\\\/wp-content\\\/uploads\\\/2026\\\/09\\\/WhatsApp-Image-2026-08-31-at-17.38.59.jpeg\",\"datePublished\":\"2026-09-01T13:29:23+00:00\",\"dateModified\":\"2026-09-01T13:31:20+00:00\",\"breadcrumb\":{\"@id\":\"https:\\\/\\\/pontapora.ms.gov.br\\\/v2\\\/vacinacao-antirrabica-imuniza-mais-de-mil-animais-em-ponta-pora\\\/#breadcrumb\"},\"inLanguage\":\"pt-BR\",\"potentialAction\":[{\"@type\":\"ReadAction\",\"target\":[\"https:\\\/\\\/pontapora.ms.gov.br\\\/v2\\\/vacinacao-antirrabica-imuniza-mais-de-mil-animais-em-ponta-pora\\\/\"]}]},{\"@type\":\"ImageObject\",\"inLanguage\":\"pt-BR\",\"@id\":\"https:\\\/\\\/pontapora.ms.gov.br\\\/v2\\\/vacinacao-antirrabica-imuniza-mais-de-mil-animais-em-ponta-pora\\\/#primaryimage\",\"url\":\"https:\\\/\\\/pontapora.ms.gov.br\\\/v2\\\/wp-content\\\/uploads\\\/2026\\\/09\\\/WhatsApp-Image-2026-08-31-at-17.38.59.jpeg\",\"contentUrl\":\"https:\\\/\\\/pontapora.ms.gov.br\\\/v2\\\/wp-content\\\/uploads\\\/2026\\\/09\\\/WhatsApp-Image-2026-08-31-at-17.38.59.jpeg\",\"width\":1024,\"height\":576,\"caption\":\"Segundo a Secretaria Municipal de Sa\u00fade, durante campanha de vacina\u00e7\u00e3o antirr\u00e1bica no \u00faltimo s\u00e1bado, 1.066 c\u00e3es e gatos foram imunizados\"},{\"@type\":\"BreadcrumbList\",\"@id\":\"https:\\\/\\\/pontapora.ms.gov.br\\\/v2\\\/vacinacao-antirrabica-imuniza-mais-de-mil-animais-em-ponta-pora\\\/#breadcrumb\",\"itemListElement\":[{\"@type\":\"ListItem\",\"position\":1,\"name\":\"In\u00edcio\",\"item\":\"https:\\\/\\\/pontapora.ms.gov.br\\\/v2\\\/\"},{\"@type\":\"ListItem\",\"position\":2,\"name\":\"Vacina\u00e7\u00e3o antirr\u00e1bica imuniza mais de mil animais em Ponta Por\u00e3\"}]},{\"@type\":\"WebSite\",\"@id\":\"https:\\\/\\\/pontapora.ms.gov.br\\\/v2\\\/#website\",\"url\":\"https:\\\/\\\/pontapora.ms.gov.br\\\/v2\\\/\",\"name\":\"Prefeitura Municipal de Ponta Por\u00e3\",\"description\":\"Poder Executivo\",\"publisher\":{\"@id\":\"https:\\\/\\\/pontapora.ms.gov.br\\\/v2\\\/#organization\"},\"potentialAction\":[{\"@type\":\"SearchAction\",\"target\":{\"@type\":\"EntryPoint\",\"urlTemplate\":\"https:\\\/\\\/pontapora.ms.gov.br\\\/v2\\\/?s={search_term_string}\"},\"query-input\":{\"@type\":\"PropertyValueSpecification\",\"valueRequired\":true,\"valueName\":\"search_term_string\"}}],\"inLanguage\":\"pt-BR\"},{\"@type\":\"Organization\",\"@id\":\"https:\\\/\\\/pontapora.ms.gov.br\\\/v2\\\/#organization\",\"name\":\"Prefeitura Municipal de Ponta Por\u00e3\",\"url\":\"https:\\\/\\\/pontapora.ms.gov.br\\\/v2\\\/\",\"logo\":{\"@type\":\"ImageObject\",\"inLanguage\":\"pt-BR\",\"@id\":\"https:\\\/\\\/pontapora.ms.gov.br\\\/v2\\\/#\\\/schema\\\/logo\\\/image\\\/\",\"url\":\"https:\\\/\\\/pontapora.ms.gov.br\\\/v2\\\/wp-content\\\/uploads\\\/2025\\\/08\\\/Logo2FundoBranco-h110.png\",\"contentUrl\":\"https:\\\/\\\/pontapora.ms.gov.br\\\/v2\\\/wp-content\\\/uploads\\\/2025\\\/08\\\/Logo2FundoBranco-h110.png\",\"width\":291,\"height\":110,\"caption\":\"Prefeitura Municipal de Ponta Por\u00e3\"},\"image\":{\"@id\":\"https:\\\/\\\/pontapora.ms.gov.br\\\/v2\\\/#\\\/schema\\\/logo\\\/image\\\/\"}},{\"@type\":\"Person\",\"@id\":\"https:\\\/\\\/pontapora.ms.gov.br\\\/v2\\\/#\\\/schema\\\/person\\\/c91b86c57a59f05fc3daa62765e63a17\",\"name\":\"Imprensa Prefeitura de Ponta Por\u00e3\",\"image\":{\"@type\":\"ImageObject\",\"inLanguage\":\"pt-BR\",\"@id\":\"https:\\\/\\\/secure.gravatar.com\\\/avatar\\\/2ab4bb1217a229a2c0a25315a0a2bc683dda093e0ed024d314586ed87b60762b?s=96&d=mm&r=g\",\"url\":\"https:\\\/\\\/secure.gravatar.com\\\/avatar\\\/2ab4bb1217a229a2c0a25315a0a2bc683dda093e0ed024d314586ed87b60762b?s=96&d=mm&r=g\",\"contentUrl\":\"https:\\\/\\\/secure.gravatar.com\\\/avatar\\\/2ab4bb1217a229a2c0a25315a0a2bc683dda093e0ed024d314586ed87b60762b?s=96&d=mm&r=g\",\"caption\":\"Imprensa Prefeitura de Ponta Por\u00e3\"},\"url\":\"https:\\\/\\\/pontapora.ms.gov.br\\\/v2\\\/author\\\/imprensa\\\/\"}]}<\/script>\n<!-- \/ Yoast SEO plugin. -->","yoast_head_json":{"title":"Vacina\u00e7\u00e3o antirr\u00e1bica imuniza mais de mil animais em Ponta Por\u00e3 - Prefeitura Municipal de Ponta Por\u00e3","robots":{"index":"index","follow":"follow","max-snippet":"max-snippet:-1","max-image-preview":"max-image-preview:large","max-video-preview":"max-video-preview:-1"},"canonical":"https:\/\/pontapora.ms.gov.br\/v2\/vacinacao-antirrabica-imuniza-mais-de-mil-animais-em-ponta-pora\/","og_locale":"pt_BR","og_type":"article","og_title":"Vacina\u00e7\u00e3o antirr\u00e1bica imuniza mais de mil animais em Ponta Por\u00e3 - Prefeitura Municipal de Ponta Por\u00e3","og_description":"Campanha foi realizada no \u00faltimo s\u00e1bado em dois pontos estrat\u00e9gicos e chega ao distrito de Nova Itamarati no pr\u00f3ximo s\u00e1bado, dia 5 A Prefeitura de Ponta Por\u00e3, por meio da Secretaria Municipal de Sa\u00fade e da Unidade de Vigil\u00e2ncia de Zoonoses (UVZ), realizou mais uma a\u00e7\u00e3o de vacina\u00e7\u00e3o antirr\u00e1bica no munic\u00edpio. A campanha aconteceu no [&hellip;]","og_url":"https:\/\/pontapora.ms.gov.br\/v2\/vacinacao-antirrabica-imuniza-mais-de-mil-animais-em-ponta-pora\/","og_site_name":"Prefeitura Municipal de Ponta Por\u00e3","article_published_time":"2026-09-01T13:29:23+00:00","article_modified_time":"2026-09-01T13:31:20+00:00","og_image":[{"width":1024,"height":576,"url":"https:\/\/pontapora.ms.gov.br\/v2\/wp-content\/uploads\/2026\/09\/WhatsApp-Image-2026-08-31-at-17.38.59.jpeg","type":"image\/jpeg"}],"author":"Imprensa Prefeitura de Ponta Por\u00e3","twitter_card":"summary_large_image","twitter_misc":{"Escrito por":"Imprensa Prefeitura de Ponta Por\u00e3","Est. tempo de leitura":"3 minutos"},"schema":{"@context":"https:\/\/schema.org","@graph":[{"@type":"Article","@id":"https:\/\/pontapora.ms.gov.br\/v2\/vacinacao-antirrabica-imuniza-mais-de-mil-animais-em-ponta-pora\/#article","isPartOf":{"@id":"https:\/\/pontapora.ms.gov.br\/v2\/vacinacao-antirrabica-imuniza-mais-de-mil-animais-em-ponta-pora\/"},"author":{"name":"Imprensa Prefeitura de Ponta Por\u00e3","@id":"https:\/\/pontapora.ms.gov.br\/v2\/#\/schema\/person\/c91b86c57a59f05fc3daa62765e63a17"},"headline":"Vacina\u00e7\u00e3o antirr\u00e1bica imuniza mais de mil animais em Ponta Por\u00e3","datePublished":"2026-09-01T13:29:23+00:00","dateModified":"2026-09-01T13:31:20+00:00","mainEntityOfPage":{"@id":"https:\/\/pontapora.ms.gov.br\/v2\/vacinacao-antirrabica-imuniza-mais-de-mil-animais-em-ponta-pora\/"},"wordCount":440,"publisher":{"@id":"https:\/\/pontapora.ms.gov.br\/v2\/#organization"},"image":{"@id":"https:\/\/pontapora.ms.gov.br\/v2\/vacinacao-antirrabica-imuniza-mais-de-mil-animais-em-ponta-pora\/#primaryimage"},"thumbnailUrl":"https:\/\/pontapora.ms.gov.br\/v2\/wp-content\/uploads\/2026\/09\/WhatsApp-Image-2026-08-31-at-17.38.59.jpeg","articleSection":["Destaques","Prefeito","Secretaria Municipal de Governo e Comunica\u00e7\u00e3o","Secretaria Municipal de Sa\u00fade"],"inLanguage":"pt-BR"},{"@type":"WebPage","@id":"https:\/\/pontapora.ms.gov.br\/v2\/vacinacao-antirrabica-imuniza-mais-de-mil-animais-em-ponta-pora\/","url":"https:\/\/pontapora.ms.gov.br\/v2\/vacinacao-antirrabica-imuniza-mais-de-mil-animais-em-ponta-pora\/","name":"Vacina\u00e7\u00e3o antirr\u00e1bica imuniza mais de mil animais em Ponta Por\u00e3 - Prefeitura Municipal de Ponta Por\u00e3","isPartOf":{"@id":"https:\/\/pontapora.ms.gov.br\/v2\/#website"},"primaryImageOfPage":{"@id":"https:\/\/pontapora.ms.gov.br\/v2\/vacinacao-antirrabica-imuniza-mais-de-mil-animais-em-ponta-pora\/#primaryimage"},"image":{"@id":"https:\/\/pontapora.ms.gov.br\/v2\/vacinacao-antirrabica-imuniza-mais-de-mil-animais-em-ponta-pora\/#primaryimage"},"thumbnailUrl":"https:\/\/pontapora.ms.gov.br\/v2\/wp-content\/uploads\/2026\/09\/WhatsApp-Image-2026-08-31-at-17.38.59.jpeg","datePublished":"2026-09-01T13:29:23+00:00","dateModified":"2026-09-01T13:31:20+00:00","breadcrumb":{"@id":"https:\/\/pontapora.ms.gov.br\/v2\/vacinacao-antirrabica-imuniza-mais-de-mil-animais-em-ponta-pora\/#breadcrumb"},"inLanguage":"pt-BR","potentialAction":[{"@type":"ReadAction","target":["https:\/\/pontapora.ms.gov.br\/v2\/vacinacao-antirrabica-imuniza-mais-de-mil-animais-em-ponta-pora\/"]}]},{"@type":"ImageObject","inLanguage":"pt-BR","@id":"https:\/\/pontapora.ms.gov.br\/v2\/vacinacao-antirrabica-imuniza-mais-de-mil-animais-em-ponta-pora\/#primaryimage","url":"https:\/\/pontapora.ms.gov.br\/v2\/wp-content\/uploads\/2026\/09\/WhatsApp-Image-2026-08-31-at-17.38.59.jpeg","contentUrl":"https:\/\/pontapora.ms.gov.br\/v2\/wp-content\/uploads\/2026\/09\/WhatsApp-Image-2026-08-31-at-17.38.59.jpeg","width":1024,"height":576,"caption":"Segundo a Secretaria Municipal de Sa\u00fade, durante campanha de vacina\u00e7\u00e3o antirr\u00e1bica no \u00faltimo s\u00e1bado, 1.066 c\u00e3es e gatos foram imunizados"},{"@type":"BreadcrumbList","@id":"https:\/\/pontapora.ms.gov.br\/v2\/vacinacao-antirrabica-imuniza-mais-de-mil-animais-em-ponta-pora\/#breadcrumb","itemListElement":[{"@type":"ListItem","position":1,"name":"In\u00edcio","item":"https:\/\/pontapora.ms.gov.br\/v2\/"},{"@type":"ListItem","position":2,"name":"Vacina\u00e7\u00e3o antirr\u00e1bica imuniza mais de mil animais em Ponta Por\u00e3"}]},{"@type":"WebSite","@id":"https:\/\/pontapora.ms.gov.br\/v2\/#website","url":"https:\/\/pontapora.ms.gov.br\/v2\/","name":"Prefeitura Municipal de Ponta Por\u00e3","description":"Poder Executivo","publisher":{"@id":"https:\/\/pontapora.ms.gov.br\/v2\/#organization"},"potentialAction":[{"@type":"SearchAction","target":{"@type":"EntryPoint","urlTemplate":"https:\/\/pontapora.ms.gov.br\/v2\/?s={search_term_string}"},"query-input":{"@type":"PropertyValueSpecification","valueRequired":true,"valueName":"search_term_string"}}],"inLanguage":"pt-BR"},{"@type":"Organization","@id":"https:\/\/pontapora.ms.gov.br\/v2\/#organization","name":"Prefeitura Municipal de Ponta Por\u00e3","url":"https:\/\/pontapora.ms.gov.br\/v2\/","logo":{"@type":"ImageObject","inLanguage":"pt-BR","@id":"https:\/\/pontapora.ms.gov.br\/v2\/#\/schema\/logo\/image\/","url":"https:\/\/pontapora.ms.gov.br\/v2\/wp-content\/uploads\/2025\/08\/Logo2FundoBranco-h110.png","contentUrl":"https:\/\/pontapora.ms.gov.br\/v2\/wp-content\/uploads\/2025\/08\/Logo2FundoBranco-h110.png","width":291,"height":110,"caption":"Prefeitura Municipal de Ponta Por\u00e3"},"image":{"@id":"https:\/\/pontapora.ms.gov.br\/v2\/#\/schema\/logo\/image\/"}},{"@type":"Person","@id":"https:\/\/pontapora.ms.gov.br\/v2\/#\/schema\/person\/c91b86c57a59f05fc3daa62765e63a17","name":"Imprensa Prefeitura de Ponta Por\u00e3","image":{"@type":"ImageObject","inLanguage":"pt-BR","@id":"https:\/\/secure.gravatar.com\/avatar\/2ab4bb1217a229a2c0a25315a0a2bc683dda093e0ed024d314586ed87b60762b?s=96&d=mm&r=g","url":"https:\/\/secure.gravatar.com\/avatar\/2ab4bb1217a229a2c0a25315a0a2bc683dda093e0ed024d314586ed87b60762b?s=96&d=mm&r=g","contentUrl":"https:\/\/secure.gravatar.com\/avatar\/2ab4bb1217a229a2c0a25315a0a2bc683dda093e0ed024d314586ed87b60762b?s=96&d=mm&r=g","caption":"Imprensa Prefeitura de Ponta Por\u00e3"},"url":"https:\/\/pontapora.ms.gov.br\/v2\/author\/imprensa\/"}]}},"_links":{"self":[{"href":"https:\/\/pontapora.ms.gov.br\/v2\/wp-json\/wp\/v2\/posts\/22095","targetHints":{"allow":["GET"]}}],"collection":[{"href":"https:\/\/pontapora.ms.gov.br\/v2\/wp-json\/wp\/v2\/posts"}],"about":[{"href":"https:\/\/pontapora.ms.gov.br\/v2\/wp-json\/wp\/v2\/types\/post"}],"author":[{"embeddable":true,"href":"https:\/\/pontapora.ms.gov.br\/v2\/wp-json\/wp\/v2\/users\/25"}],"replies":[{"embeddable":true,"href":"https:\/\/pontapora.ms.gov.br\/v2\/wp-json\/wp\/v2\/comments?post=22095"}],"version-history":[{"count":1,"href":"https:\/\/pontapora.ms.gov.br\/v2\/wp-json\/wp\/v2\/posts\/22095\/revisions"}],"predecessor-version":[{"id":22099,"href":"https:\/\/pontapora.ms.gov.br\/v2\/wp-json\/wp\/v2\/posts\/22095\/revisions\/22099"}],"wp:featuredmedia":[{"embeddable":true,"href":"https:\/\/pontapora.ms.gov.br\/v2\/wp-json\/wp\/v2\/media\/22096"}],"wp:attachment":[{"href":"https:\/\/pontapora.ms.gov.br\/v2\/wp-json\/wp\/v2\/media?parent=22095"}],"wp:term":[{"taxonomy":"category","embeddable":true,"href":"https:\/\/pontapora.ms.gov.br\/v2\/wp-json\/wp\/v2\/categories?post=22095"},{"taxonomy":"post_tag","embeddable":true,"href":"https:\/\/pontapora.ms.gov.br\/v2\/wp-json\/wp\/v2\/tags?post=22095"}],"curies":[{"name":"wp","href":"https:\/\/api.w.org\/{rel}","templated":true}]}}