{"id":6448,"date":"2021-01-08T11:03:42","date_gmt":"2021-01-08T15:03:42","guid":{"rendered":"https:\/\/pontapora.ms.gov.br\/v2\/?p=6448"},"modified":"2024-10-08T10:59:54","modified_gmt":"2024-10-08T14:59:54","slug":"ponta-pora-intensifica-campanha-de-combate-a-hanseniase-em-janeiro","status":"publish","type":"post","link":"https:\/\/pontapora.ms.gov.br\/v2\/ponta-pora-intensifica-campanha-de-combate-a-hanseniase-em-janeiro\/","title":{"rendered":"Ponta Por\u00e3 intensifica campanha  de combate a hansen\u00edase em janeiro"},"content":{"rendered":"<p><strong>Janeiro \u00e9 considerado o m\u00eas de combate a Hansen\u00edase em todo o mundo<\/strong><\/p>\n<p><strong>\u00a0<\/strong><\/p>\n<p>A Prefeitura de Ponta Por\u00e3, atrav\u00e9s da Secretaria de Sa\u00fade do munic\u00edpio est\u00e1 desenvolvendo a campanha \u201cJaneiro Roxo\u201d. Campanha mundial de combate a hansen\u00edase. Neste m\u00eas, os trabalhos que visam a identifica\u00e7\u00e3o da doen\u00e7a ganham destaque e as a\u00e7\u00f5es seguem o at\u00e9 o final de janeiro. O Dia Mundial de Combate a Hansen\u00edase \u00e9 o dia 31 de janeiro.<\/p>\n<p>De acordo com a gerente de vigil\u00e2ncia em sa\u00fade de Ponta Por\u00e3, Isabela Pini Guerreiro, no dia 26 est\u00e1 prevista uma palestra para os profissionais de sa\u00fade. A palestra ser\u00e1 conduzida pelo m\u00e9dico infectologista do programa municipal de tuberculose e hansen\u00edase, Dr Pablo Marinho Cust\u00f3dio. A palestra ser\u00e1 realizada no Centro Internacional de Conven\u00e7\u00f5es. Miguel Gomez, \u00e0s 14 horas.<\/p>\n<p>\u201cA hansen\u00edase \u00e9 uma doen\u00e7a infecciosa que atinge principalmente nervos perif\u00e9ricos e pele. Em caso de manchas na pele com redu\u00e7\u00e3o da sensibilidade a dor, calor ou frio, cortar-se ou queimar-se sem sentir dor, \u00e9 preciso procurar a unidade de sa\u00fade mais pr\u00f3xima de sua casa. O tratamento \u00e9 gratuito\u201d, afirmou Isabela.<\/p>\n<p>Em Ponta Por\u00e3, a secretaria de sa\u00fade mant\u00e9m o programa de combate a hansen\u00edase no CIS \u2013 Centro Integrado de Sa\u00fade \u2013 que tem como coordenadora Maria L\u00facia Gonzales Barbosa e ainda conta com o fisioterapeuta, Dr Pedro S\u00e9rgio Roseno, al\u00e9m de todas as unidades de sa\u00fade que encaminham os casos para a coordena\u00e7\u00e3o. Depois de identificada a doen\u00e7a, a sa\u00fade do munic\u00edpio fornece o medicamento necess\u00e1rio para a recupera\u00e7\u00e3o do paciente.<\/p>\n<p>Em Ponta Por\u00e3 s\u00e3o apenas cinco casos registrados e que est\u00e3o sendo monitorados e medicados pelo programa de combate a hansen\u00edase. \u201cGra\u00e7as aos investimentos da administra\u00e7\u00e3o do Prefeito H\u00e9lio Peluffo, hoje podemos fazer um trabalho de preven\u00e7\u00e3o bem seletiva, assim podemos identificar os casos e diminuir os casos de hansen\u00edase em nosso munic\u00edpio\u201d, afirmou Isabela Pini Guerreiro.<\/p>\n","protected":false},"excerpt":{"rendered":"<p>Janeiro \u00e9 considerado o m\u00eas de combate a Hansen\u00edase em todo o mundo \u00a0 A Prefeitura de Ponta Por\u00e3, atrav\u00e9s da Secretaria de Sa\u00fade do munic\u00edpio est\u00e1 desenvolvendo a campanha \u201cJaneiro Roxo\u201d. Campanha mundial de combate a hansen\u00edase. Neste m\u00eas, os trabalhos que visam a identifica\u00e7\u00e3o da doen\u00e7a ganham destaque e as a\u00e7\u00f5es seguem o [&hellip;]<\/p>\n","protected":false},"author":25,"featured_media":6449,"comment_status":"closed","ping_status":"closed","sticky":false,"template":"","format":"standard","meta":{"ngg_post_thumbnail":0,"footnotes":""},"categories":[17,9],"tags":[],"class_list":["post-6448","post","type-post","status-publish","format-standard","has-post-thumbnail","hentry","category-destaques","category-secretaria-municipal-de-saude"],"_links":{"self":[{"href":"https:\/\/pontapora.ms.gov.br\/v2\/wp-json\/wp\/v2\/posts\/6448","targetHints":{"allow":["GET"]}}],"collection":[{"href":"https:\/\/pontapora.ms.gov.br\/v2\/wp-json\/wp\/v2\/posts"}],"about":[{"href":"https:\/\/pontapora.ms.gov.br\/v2\/wp-json\/wp\/v2\/types\/post"}],"author":[{"embeddable":true,"href":"https:\/\/pontapora.ms.gov.br\/v2\/wp-json\/wp\/v2\/users\/25"}],"replies":[{"embeddable":true,"href":"https:\/\/pontapora.ms.gov.br\/v2\/wp-json\/wp\/v2\/comments?post=6448"}],"version-history":[{"count":1,"href":"https:\/\/pontapora.ms.gov.br\/v2\/wp-json\/wp\/v2\/posts\/6448\/revisions"}],"predecessor-version":[{"id":6450,"href":"https:\/\/pontapora.ms.gov.br\/v2\/wp-json\/wp\/v2\/posts\/6448\/revisions\/6450"}],"wp:featuredmedia":[{"embeddable":true,"href":"https:\/\/pontapora.ms.gov.br\/v2\/wp-json\/wp\/v2\/media\/6449"}],"wp:attachment":[{"href":"https:\/\/pontapora.ms.gov.br\/v2\/wp-json\/wp\/v2\/media?parent=6448"}],"wp:term":[{"taxonomy":"category","embeddable":true,"href":"https:\/\/pontapora.ms.gov.br\/v2\/wp-json\/wp\/v2\/categories?post=6448"},{"taxonomy":"post_tag","embeddable":true,"href":"https:\/\/pontapora.ms.gov.br\/v2\/wp-json\/wp\/v2\/tags?post=6448"}],"curies":[{"name":"wp","href":"https:\/\/api.w.org\/{rel}","templated":true}]}}