{"id":8202,"date":"2021-08-18T08:33:04","date_gmt":"2021-08-18T12:33:04","guid":{"rendered":"https:\/\/pontapora.ms.gov.br\/v2\/?p=8202"},"modified":"2024-10-08T10:58:31","modified_gmt":"2024-10-08T14:58:31","slug":"prefeitura-organiza-a-regularizacao-dos-comerciantes-dos-boxes-da-linha-internacional","status":"publish","type":"post","link":"https:\/\/pontapora.ms.gov.br\/v2\/prefeitura-organiza-a-regularizacao-dos-comerciantes-dos-boxes-da-linha-internacional\/","title":{"rendered":"Prefeitura organiza a regulariza\u00e7\u00e3o dos comerciantes dos boxes da linha internacional"},"content":{"rendered":"<p>Ocorreu na \u00faltima sexta-feira, 13\/08\/2021, no Sal\u00e3o de Eventos do Hotel Barcelona, reuni\u00e3o para a regulariza\u00e7\u00e3o e vota\u00e7\u00e3o da nova diretoria da associa\u00e7\u00e3o dos comerciantes dos boxes da linha internacional. A Associa\u00e7\u00e3o Uni\u00e3o de Dois Povos, foi criada no ano de 2013 para organizar as demandas dos comerciantes instalados nos boxes comerciais, apesar disso, h\u00e1 algum tempo a associa\u00e7\u00e3o se encontrava irregular junto a Receita Federal, o que dificultava a a\u00e7\u00e3o do poder p\u00fablico no atendimento aos comerciantes do local.<\/p>\n<p>Desta forma, a Prefeitura Municipal de Ponta Por\u00e3, atrav\u00e9s da Secretaria Municipal de Desenvolvimento Regional, Ind\u00fastria, Com\u00e9rcio e Turismo (SDICT) buscou mediar e orientar atrav\u00e9s de sua equipe t\u00e9cnica a regulariza\u00e7\u00e3o da associa\u00e7\u00e3o. Primeiramente, foi realizada uma nova elei\u00e7\u00e3o de representantes da associa\u00e7\u00e3o e posteriormente levantados os d\u00e9bitos em atraso da associa\u00e7\u00e3o.<\/p>\n<p>Conforme explicou, Caio Augusto, Secret\u00e1rio da SDICT, o poder p\u00fablico necessita da regulariza\u00e7\u00e3o da associa\u00e7\u00e3o para poder atuar de forma sistem\u00e1tica e eficiente, buscando atender as demandas solicitadas pelos comerciantes. \u201cO prefeito H\u00e9lio Peluffo determinou que regulariz\u00e1ssemos esta situa\u00e7\u00e3o com m\u00e1xima urg\u00eancia. Desta forma estamos colocando nossa equipe t\u00e9cnica, para mediar e orientar a Associa\u00e7\u00e3o Uni\u00e3o de Dois Povos. Tamb\u00e9m buscamos apoio da C\u00e2mara Municipal, \u00e9 de fundamental import\u00e2ncia que a Associa\u00e7\u00e3o esteja funcionando de forma regular, dentro da legalidade jur\u00eddica, para que n\u00f3s possamos atender as demandas solicitadas, buscando melhorias para o espa\u00e7o e para aqueles que utilizam os boxes da linha internacional\u201d \u2013 destacou Caio Augusto.<\/p>\n<p>Na ocasi\u00e3o foi eleita por aclama\u00e7\u00e3o uma diretoria que ficar\u00e1 respons\u00e1vel pela representa\u00e7\u00e3o dos comerciantes do local. A diretoria eleita \u00e9 composta por, Dion\u00edsia Cespede (Presidente), Fl\u00e1via Silvia Fernandes (Vice-Presidente), Gesiane Am\u00e9rico da Silva (Secret\u00e1ria Geral), Sebastiana Salinas Graef (Tesoureira Geral) e Arnaldo Ovelar Freitas (Conselho Fiscal).<\/p>\n<p>A reuni\u00e3o transcorreu de forma pacifica e ordeira e contou com ampla maioria dos comerciantes que est\u00e3o instalados nos boxes. A nova diretoria prometeu ainda atuar de democr\u00e1tica, sempre buscando atender todos de forma transparente e efetiva. Al\u00e9m do secret\u00e1rio da SDIC Caio Augusto e a equipe t\u00e9cnica da secretaria, tamb\u00e9m esteve presente na reuni\u00e3o o vereador Jos\u00e9 Menino J\u00fanior (DEM), representando a C\u00e2mara de Vereadores do munic\u00edpio.<\/p>\n<p>* Assessoria de Comunica\u00e7\u00e3o<img loading=\"lazy\" decoding=\"async\" class=\"alignnone size-medium wp-image-8203\" src=\"https:\/\/pontapora.ms.gov.br\/v2\/wp-content\/uploads\/2021\/08\/caio-300x225.jpg\" alt=\"\" width=\"300\" height=\"225\" srcset=\"https:\/\/pontapora.ms.gov.br\/v2\/wp-content\/uploads\/2021\/08\/caio-300x225.jpg 300w, https:\/\/pontapora.ms.gov.br\/v2\/wp-content\/uploads\/2021\/08\/caio-1024x768.jpg 1024w, https:\/\/pontapora.ms.gov.br\/v2\/wp-content\/uploads\/2021\/08\/caio-768x576.jpg 768w, https:\/\/pontapora.ms.gov.br\/v2\/wp-content\/uploads\/2021\/08\/caio-696x522.jpg 696w, https:\/\/pontapora.ms.gov.br\/v2\/wp-content\/uploads\/2021\/08\/caio-1068x801.jpg 1068w, https:\/\/pontapora.ms.gov.br\/v2\/wp-content\/uploads\/2021\/08\/caio-560x420.jpg 560w, https:\/\/pontapora.ms.gov.br\/v2\/wp-content\/uploads\/2021\/08\/caio-80x60.jpg 80w, https:\/\/pontapora.ms.gov.br\/v2\/wp-content\/uploads\/2021\/08\/caio-265x198.jpg 265w, https:\/\/pontapora.ms.gov.br\/v2\/wp-content\/uploads\/2021\/08\/caio.jpg 1280w\" sizes=\"auto, (max-width: 300px) 100vw, 300px\" \/><\/p>\n","protected":false},"excerpt":{"rendered":"<p>Ocorreu na \u00faltima sexta-feira, 13\/08\/2021, no Sal\u00e3o de Eventos do Hotel Barcelona, reuni\u00e3o para a regulariza\u00e7\u00e3o e vota\u00e7\u00e3o da nova diretoria da associa\u00e7\u00e3o dos comerciantes dos boxes da linha internacional. A Associa\u00e7\u00e3o Uni\u00e3o de Dois Povos, foi criada no ano de 2013 para organizar as demandas dos comerciantes instalados nos boxes comerciais, apesar disso, h\u00e1 [&hellip;]<\/p>\n","protected":false},"author":25,"featured_media":0,"comment_status":"closed","ping_status":"closed","sticky":false,"template":"","format":"standard","meta":{"ngg_post_thumbnail":0,"footnotes":""},"categories":[17,5],"tags":[],"class_list":["post-8202","post","type-post","status-publish","format-standard","hentry","category-destaques","category-secretaria-municipal-de-governo-e-comunicacao"],"_links":{"self":[{"href":"https:\/\/pontapora.ms.gov.br\/v2\/wp-json\/wp\/v2\/posts\/8202","targetHints":{"allow":["GET"]}}],"collection":[{"href":"https:\/\/pontapora.ms.gov.br\/v2\/wp-json\/wp\/v2\/posts"}],"about":[{"href":"https:\/\/pontapora.ms.gov.br\/v2\/wp-json\/wp\/v2\/types\/post"}],"author":[{"embeddable":true,"href":"https:\/\/pontapora.ms.gov.br\/v2\/wp-json\/wp\/v2\/users\/25"}],"replies":[{"embeddable":true,"href":"https:\/\/pontapora.ms.gov.br\/v2\/wp-json\/wp\/v2\/comments?post=8202"}],"version-history":[{"count":1,"href":"https:\/\/pontapora.ms.gov.br\/v2\/wp-json\/wp\/v2\/posts\/8202\/revisions"}],"predecessor-version":[{"id":8204,"href":"https:\/\/pontapora.ms.gov.br\/v2\/wp-json\/wp\/v2\/posts\/8202\/revisions\/8204"}],"wp:attachment":[{"href":"https:\/\/pontapora.ms.gov.br\/v2\/wp-json\/wp\/v2\/media?parent=8202"}],"wp:term":[{"taxonomy":"category","embeddable":true,"href":"https:\/\/pontapora.ms.gov.br\/v2\/wp-json\/wp\/v2\/categories?post=8202"},{"taxonomy":"post_tag","embeddable":true,"href":"https:\/\/pontapora.ms.gov.br\/v2\/wp-json\/wp\/v2\/tags?post=8202"}],"curies":[{"name":"wp","href":"https:\/\/api.w.org\/{rel}","templated":true}]}}