{"id":8431,"date":"2021-09-30T10:53:42","date_gmt":"2021-09-30T14:53:42","guid":{"rendered":"https:\/\/pontapora.ms.gov.br\/v2\/?p=8431"},"modified":"2024-10-08T10:57:59","modified_gmt":"2024-10-08T14:57:59","slug":"prefeitura-realiza-regularizacao-de-imoveis-em-ponta-pora","status":"publish","type":"post","link":"https:\/\/pontapora.ms.gov.br\/v2\/prefeitura-realiza-regularizacao-de-imoveis-em-ponta-pora\/","title":{"rendered":"Prefeitura realiza regulariza\u00e7\u00e3o de im\u00f3veis em Ponta Por\u00e3"},"content":{"rendered":"<p><em>Governo do Estado e Munic\u00edpio trabalharam em conjunto para permitir a regulariza\u00e7\u00e3o realizada hoje<\/em><\/p>\n<p>A Prefeitura Municipal de Ponta Por\u00e3 entregou, em parceria com o Governo do Estado de Mato Grosso do Sul, a autoriza\u00e7\u00e3o para levantamento de penhora e cau\u00e7\u00e3o de 372 im\u00f3veis, na manh\u00e3 desta quinta-feira, 30\/09. O ato \u00e9 fruto de um trabalho iniciado em 2016, quando iniciaram as tratativas sobre a quest\u00e3o.<\/p>\n<p>As penhoras e cau\u00e7\u00f5es constam nas escrituras dos im\u00f3veis e v\u00eam l\u00e1 do antigo e extinto PREVISUL e travavam qualquer movimento administrativo pelos propriet\u00e1rios dos im\u00f3veis. A partir de agora, cada propriet\u00e1rio dever\u00e1 recolher custas cartor\u00e1rias em torno de R$ 120,00 para que as escrituras sejam atualizadas em definitivo.<\/p>\n<p>A Diretora-Presidente do AGEHAB, Maria do Carmo Avesani Lopez, esteve em Ponta Por\u00e3 para as entregas. \u201cA gest\u00e3o desse assunto come\u00e7ou em 2016, quando o Senhor Aristides nos solicitou l\u00e1 na cidade de Ant\u00f4nio Jo\u00e3o, que fiz\u00e9ssemos a gest\u00e3o para solucionar o problema. O Governador Reinaldo Azambuja prontamente nos ouviu e o fruto disso \u00e9 essa entrega de hoje\u201d, destacou.<\/p>\n<p>O diretor-presidente do HABIPOR\u00c3, Carlos Bord\u00e3o, agradeceu pela regulariza\u00e7\u00e3o: \u201cAgradecemos ao Prefeito H\u00e9lio Peluffo, \u00e0 C\u00e2mara de Vereadores de Ponta Por\u00e3, \u00e0 Presidente da AGEHAB, Maria do Carmo, ao Governo do Estado de Mato Grosso do Sul, ao Secret\u00e1rio de Infraestrutura Eduardo Riedel. Sem o engajamento de todas estas institui\u00e7\u00f5es, n\u00e3o seria poss\u00edvel estarmos aqui no dia de hoje\u201d, destacou.<\/p>\n<p>Rafael Modesto, Presidente da C\u00e2mara Municipal de Ponta Por\u00e3, afirmou que os 17 Vereadores contribu\u00edram para que tudo sa\u00edsse o mais r\u00e1pido poss\u00edvel. \u201cFicamos felizes em ser parceiros da Administra\u00e7\u00e3o Municipal e Estadual. Temos a certeza de que o final n\u00e3o poderia ser diferente deste, onde os moradores a partir de agora, ser\u00e3o os propriet\u00e1rios dos im\u00f3veis\u201d, finalizou.<\/p>\n<p>O Prefeito H\u00e9lio Peluffo, fez quest\u00e3o de contextualizar todos os acontecimentos que levaram \u00e0 entrega de hoje. \u201cL\u00e1 em 2016, o Governo do Estado nos ouviu e o Secret\u00e1rio Eduardo Riedel chamou para si a batalha. Se hoje voc\u00eas recebem o levantamento da penhora e cau\u00e7\u00e3o, \u00e9 porque o Governo do Estado, Assembleia e a nossa Administra\u00e7\u00e3o trabalharam muito neste sentido\u201d, destacou.<\/p>\n<p>A regulariza\u00e7\u00e3o dos contratos de carteira imobili\u00e1ria do extinto PREVISUL por meio do perd\u00e3o do saldo total da d\u00edvida, incluindo presta\u00e7\u00f5es em atraso e a vencer, vale para mutu\u00e1rios que n\u00e3o integraram cess\u00e3o de ativos realizada pelo Governo do Estado de Mato Grosso do Sul ao Banco UBS Pactual S\/A no ano de 2006.<\/p>\n<p>Todos os documentos a serem entregues nessa solenidade devem garantir mais seguran\u00e7a e tranquilidade aos moradores do Parque dos Ip\u00eas I e II e adjac\u00eancias. Al\u00e9m disso, cada moradia ficar\u00e1 com toda a documenta\u00e7\u00e3o em dia e em situa\u00e7\u00e3o regular.<\/p>\n<p>Participaram do evento: o Prefeito H\u00e9lio Peluffo, o Vice-Prefeito e Secret\u00e1rio de Governo e Comunica\u00e7\u00e3o Eduardo Campos, a Diretora-presidente da AGEHAB Maria do Carmo Avesani Lopez, Presidente da C\u00e2mara Municipal de Ponta Por\u00e3 Rafael Modesto, Diretor-presidente da HABIPOR\u00c3 Carlos Bord\u00e3o, os Secret\u00e1rios Municipais: Dulce Manosso(Administra\u00e7\u00e3o), Marcelino Nunes de Oliveira(Seguran\u00e7a P\u00fablica), Patrick Derzi(Sa\u00fade), Vera L\u00facia Oliveira(Assist\u00eancia Social), al\u00e9m dos Vereadores C\u00e2ndido Gab\u00ednio, Farid Afif, Jos\u00e9 Menino J\u00fanior, \u00c2ngela Derzi, Nely Abdulahad, Biro-Biro, Wanderley Avelino e Lourdes Monteiro.<\/p>\n<p>&nbsp;<\/p>\n<p>* Assessoria de Comunica\u00e7\u00e3o<\/p>\n<p><img loading=\"lazy\" decoding=\"async\" class=\"alignnone size-medium wp-image-8432\" src=\"https:\/\/pontapora.ms.gov.br\/v2\/wp-content\/uploads\/2021\/09\/helio-peluffo-300x225.jpg\" alt=\"\" width=\"300\" height=\"225\" srcset=\"https:\/\/pontapora.ms.gov.br\/v2\/wp-content\/uploads\/2021\/09\/helio-peluffo-300x225.jpg 300w, https:\/\/pontapora.ms.gov.br\/v2\/wp-content\/uploads\/2021\/09\/helio-peluffo-1024x768.jpg 1024w, https:\/\/pontapora.ms.gov.br\/v2\/wp-content\/uploads\/2021\/09\/helio-peluffo-768x576.jpg 768w, https:\/\/pontapora.ms.gov.br\/v2\/wp-content\/uploads\/2021\/09\/helio-peluffo-1536x1152.jpg 1536w, https:\/\/pontapora.ms.gov.br\/v2\/wp-content\/uploads\/2021\/09\/helio-peluffo-696x522.jpg 696w, https:\/\/pontapora.ms.gov.br\/v2\/wp-content\/uploads\/2021\/09\/helio-peluffo-1068x801.jpg 1068w, https:\/\/pontapora.ms.gov.br\/v2\/wp-content\/uploads\/2021\/09\/helio-peluffo-560x420.jpg 560w, https:\/\/pontapora.ms.gov.br\/v2\/wp-content\/uploads\/2021\/09\/helio-peluffo-80x60.jpg 80w, https:\/\/pontapora.ms.gov.br\/v2\/wp-content\/uploads\/2021\/09\/helio-peluffo-265x198.jpg 265w, https:\/\/pontapora.ms.gov.br\/v2\/wp-content\/uploads\/2021\/09\/helio-peluffo.jpg 1600w\" sizes=\"auto, (max-width: 300px) 100vw, 300px\" \/> <img loading=\"lazy\" decoding=\"async\" class=\"alignnone size-medium wp-image-8433\" src=\"https:\/\/pontapora.ms.gov.br\/v2\/wp-content\/uploads\/2021\/09\/maria-do-carmo-300x225.jpg\" alt=\"\" width=\"300\" height=\"225\" srcset=\"https:\/\/pontapora.ms.gov.br\/v2\/wp-content\/uploads\/2021\/09\/maria-do-carmo-300x225.jpg 300w, https:\/\/pontapora.ms.gov.br\/v2\/wp-content\/uploads\/2021\/09\/maria-do-carmo-1024x768.jpg 1024w, https:\/\/pontapora.ms.gov.br\/v2\/wp-content\/uploads\/2021\/09\/maria-do-carmo-768x576.jpg 768w, https:\/\/pontapora.ms.gov.br\/v2\/wp-content\/uploads\/2021\/09\/maria-do-carmo-1536x1152.jpg 1536w, https:\/\/pontapora.ms.gov.br\/v2\/wp-content\/uploads\/2021\/09\/maria-do-carmo-696x522.jpg 696w, https:\/\/pontapora.ms.gov.br\/v2\/wp-content\/uploads\/2021\/09\/maria-do-carmo-1068x801.jpg 1068w, https:\/\/pontapora.ms.gov.br\/v2\/wp-content\/uploads\/2021\/09\/maria-do-carmo-560x420.jpg 560w, https:\/\/pontapora.ms.gov.br\/v2\/wp-content\/uploads\/2021\/09\/maria-do-carmo-80x60.jpg 80w, https:\/\/pontapora.ms.gov.br\/v2\/wp-content\/uploads\/2021\/09\/maria-do-carmo-265x198.jpg 265w, https:\/\/pontapora.ms.gov.br\/v2\/wp-content\/uploads\/2021\/09\/maria-do-carmo.jpg 1600w\" sizes=\"auto, (max-width: 300px) 100vw, 300px\" \/> <img loading=\"lazy\" decoding=\"async\" class=\"alignnone size-medium wp-image-8435\" src=\"https:\/\/pontapora.ms.gov.br\/v2\/wp-content\/uploads\/2021\/09\/bordao-300x225.jpg\" alt=\"\" width=\"300\" height=\"225\" srcset=\"https:\/\/pontapora.ms.gov.br\/v2\/wp-content\/uploads\/2021\/09\/bordao-300x225.jpg 300w, https:\/\/pontapora.ms.gov.br\/v2\/wp-content\/uploads\/2021\/09\/bordao-1024x768.jpg 1024w, https:\/\/pontapora.ms.gov.br\/v2\/wp-content\/uploads\/2021\/09\/bordao-768x576.jpg 768w, https:\/\/pontapora.ms.gov.br\/v2\/wp-content\/uploads\/2021\/09\/bordao-1536x1152.jpg 1536w, https:\/\/pontapora.ms.gov.br\/v2\/wp-content\/uploads\/2021\/09\/bordao-696x522.jpg 696w, https:\/\/pontapora.ms.gov.br\/v2\/wp-content\/uploads\/2021\/09\/bordao-1068x801.jpg 1068w, https:\/\/pontapora.ms.gov.br\/v2\/wp-content\/uploads\/2021\/09\/bordao-560x420.jpg 560w, https:\/\/pontapora.ms.gov.br\/v2\/wp-content\/uploads\/2021\/09\/bordao-80x60.jpg 80w, https:\/\/pontapora.ms.gov.br\/v2\/wp-content\/uploads\/2021\/09\/bordao-265x198.jpg 265w, https:\/\/pontapora.ms.gov.br\/v2\/wp-content\/uploads\/2021\/09\/bordao.jpg 1600w\" sizes=\"auto, (max-width: 300px) 100vw, 300px\" \/> <img loading=\"lazy\" decoding=\"async\" class=\"alignnone size-medium wp-image-8436\" src=\"https:\/\/pontapora.ms.gov.br\/v2\/wp-content\/uploads\/2021\/09\/entrega-01-300x225.jpg\" alt=\"\" width=\"300\" height=\"225\" srcset=\"https:\/\/pontapora.ms.gov.br\/v2\/wp-content\/uploads\/2021\/09\/entrega-01-300x225.jpg 300w, https:\/\/pontapora.ms.gov.br\/v2\/wp-content\/uploads\/2021\/09\/entrega-01-1024x768.jpg 1024w, https:\/\/pontapora.ms.gov.br\/v2\/wp-content\/uploads\/2021\/09\/entrega-01-768x576.jpg 768w, https:\/\/pontapora.ms.gov.br\/v2\/wp-content\/uploads\/2021\/09\/entrega-01-1536x1152.jpg 1536w, https:\/\/pontapora.ms.gov.br\/v2\/wp-content\/uploads\/2021\/09\/entrega-01-696x522.jpg 696w, https:\/\/pontapora.ms.gov.br\/v2\/wp-content\/uploads\/2021\/09\/entrega-01-1068x801.jpg 1068w, https:\/\/pontapora.ms.gov.br\/v2\/wp-content\/uploads\/2021\/09\/entrega-01-560x420.jpg 560w, https:\/\/pontapora.ms.gov.br\/v2\/wp-content\/uploads\/2021\/09\/entrega-01-80x60.jpg 80w, https:\/\/pontapora.ms.gov.br\/v2\/wp-content\/uploads\/2021\/09\/entrega-01-265x198.jpg 265w, https:\/\/pontapora.ms.gov.br\/v2\/wp-content\/uploads\/2021\/09\/entrega-01.jpg 1600w\" sizes=\"auto, (max-width: 300px) 100vw, 300px\" \/> <img loading=\"lazy\" decoding=\"async\" class=\"alignnone size-medium wp-image-8437\" src=\"https:\/\/pontapora.ms.gov.br\/v2\/wp-content\/uploads\/2021\/09\/entrega-300x225.jpg\" alt=\"\" width=\"300\" height=\"225\" srcset=\"https:\/\/pontapora.ms.gov.br\/v2\/wp-content\/uploads\/2021\/09\/entrega-300x225.jpg 300w, https:\/\/pontapora.ms.gov.br\/v2\/wp-content\/uploads\/2021\/09\/entrega-1024x768.jpg 1024w, https:\/\/pontapora.ms.gov.br\/v2\/wp-content\/uploads\/2021\/09\/entrega-768x576.jpg 768w, https:\/\/pontapora.ms.gov.br\/v2\/wp-content\/uploads\/2021\/09\/entrega-1536x1152.jpg 1536w, https:\/\/pontapora.ms.gov.br\/v2\/wp-content\/uploads\/2021\/09\/entrega-696x522.jpg 696w, https:\/\/pontapora.ms.gov.br\/v2\/wp-content\/uploads\/2021\/09\/entrega-1068x801.jpg 1068w, https:\/\/pontapora.ms.gov.br\/v2\/wp-content\/uploads\/2021\/09\/entrega-560x420.jpg 560w, https:\/\/pontapora.ms.gov.br\/v2\/wp-content\/uploads\/2021\/09\/entrega-80x60.jpg 80w, https:\/\/pontapora.ms.gov.br\/v2\/wp-content\/uploads\/2021\/09\/entrega-265x198.jpg 265w, https:\/\/pontapora.ms.gov.br\/v2\/wp-content\/uploads\/2021\/09\/entrega.jpg 1600w\" sizes=\"auto, (max-width: 300px) 100vw, 300px\" \/><\/p>\n","protected":false},"excerpt":{"rendered":"<p>Governo do Estado e Munic\u00edpio trabalharam em conjunto para permitir a regulariza\u00e7\u00e3o realizada hoje A Prefeitura Municipal de Ponta Por\u00e3 entregou, em parceria com o Governo do Estado de Mato Grosso do Sul, a autoriza\u00e7\u00e3o para levantamento de penhora e cau\u00e7\u00e3o de 372 im\u00f3veis, na manh\u00e3 desta quinta-feira, 30\/09. O ato \u00e9 fruto de um [&hellip;]<\/p>\n","protected":false},"author":25,"featured_media":8434,"comment_status":"closed","ping_status":"closed","sticky":false,"template":"","format":"standard","meta":{"ngg_post_thumbnail":0,"footnotes":""},"categories":[17,20,7,10,21],"tags":[],"class_list":["post-8431","post","type-post","status-publish","format-standard","has-post-thumbnail","hentry","category-destaques","category-prefeito","category-secretaria-municipal-de-administracao","category-secretaria-municipal-de-assistencia-social","category-secretaria-municipal-de-seguranca-publica"],"_links":{"self":[{"href":"https:\/\/pontapora.ms.gov.br\/v2\/wp-json\/wp\/v2\/posts\/8431","targetHints":{"allow":["GET"]}}],"collection":[{"href":"https:\/\/pontapora.ms.gov.br\/v2\/wp-json\/wp\/v2\/posts"}],"about":[{"href":"https:\/\/pontapora.ms.gov.br\/v2\/wp-json\/wp\/v2\/types\/post"}],"author":[{"embeddable":true,"href":"https:\/\/pontapora.ms.gov.br\/v2\/wp-json\/wp\/v2\/users\/25"}],"replies":[{"embeddable":true,"href":"https:\/\/pontapora.ms.gov.br\/v2\/wp-json\/wp\/v2\/comments?post=8431"}],"version-history":[{"count":1,"href":"https:\/\/pontapora.ms.gov.br\/v2\/wp-json\/wp\/v2\/posts\/8431\/revisions"}],"predecessor-version":[{"id":8438,"href":"https:\/\/pontapora.ms.gov.br\/v2\/wp-json\/wp\/v2\/posts\/8431\/revisions\/8438"}],"wp:featuredmedia":[{"embeddable":true,"href":"https:\/\/pontapora.ms.gov.br\/v2\/wp-json\/wp\/v2\/media\/8434"}],"wp:attachment":[{"href":"https:\/\/pontapora.ms.gov.br\/v2\/wp-json\/wp\/v2\/media?parent=8431"}],"wp:term":[{"taxonomy":"category","embeddable":true,"href":"https:\/\/pontapora.ms.gov.br\/v2\/wp-json\/wp\/v2\/categories?post=8431"},{"taxonomy":"post_tag","embeddable":true,"href":"https:\/\/pontapora.ms.gov.br\/v2\/wp-json\/wp\/v2\/tags?post=8431"}],"curies":[{"name":"wp","href":"https:\/\/api.w.org\/{rel}","templated":true}]}}