{"id":896,"date":"2017-04-28T13:44:17","date_gmt":"2017-04-28T17:44:17","guid":{"rendered":"http:\/\/pontapora.ms.gov.br\/v2\/?p=896"},"modified":"2024-10-08T11:08:29","modified_gmt":"2024-10-08T15:08:29","slug":"ponta-pora-teve-mobilizacao-do-abril-verde","status":"publish","type":"post","link":"https:\/\/pontapora.ms.gov.br\/v2\/ponta-pora-teve-mobilizacao-do-abril-verde\/","title":{"rendered":"Ponta Por\u00e3 teve mobiliza\u00e7\u00e3o do \u201cAbril Verde\u201d"},"content":{"rendered":"<p><span style=\"font-weight: 400\">Em Ponta Por\u00e3, a Prefeitura Municipal, atrav\u00e9s da secretaria Municipal de Sa\u00fade, promoveu uma movimenta\u00e7\u00e3o referente ao Abril Verde, iniciativa que visa conscientizar as pessoas sobre a necessidade de prevenir acidentes nos locais de trabalho.<\/span><\/p>\n<p><span style=\"font-weight: 400\">A movimenta\u00e7\u00e3o foi realizada no final da tarde de quinta-feira, 27 de abril, nas proximidades da antiga Pra\u00e7a L\u00edcio Borralho, centro da cidade.<\/span><\/p>\n<p><span style=\"font-weight: 400\">De acordo com Isabela Pini Guerreiro, coordenadora de Vigil\u00e2ncia em Sa\u00fade do Trabalhador, o Abril Verde mobilizou a popula\u00e7\u00e3o da \u00e1rea central e funcion\u00e1rios da Sa\u00fade, como orienta\u00e7\u00f5es e panfletagem. O destaque ficou por conta da mostra de fotos sobre os riscos da falta d equipamentos de prote\u00e7\u00e3o bem como os acidentes fatais. A atividade contou com o apoio do SAMU, Corpo de bombeiros, Ex\u00e9rcito, Guarda municipal e Pol\u00edcia Militar.<\/span><\/p>\n<p><span style=\"font-weight: 400\">O 28 de abril \u00e9 o Dia Mundial em Mem\u00f3ria das V\u00edtimas de Acidentes e Doen\u00e7as do Trabalho. A data foi institu\u00edda por iniciativas de sindicatos canadenses e escolhida em raz\u00e3o de um acidente que matou 78 trabalhadores em uma mina no estado da Virg\u00ednia, nos Estados Unidos, em 1969. No Brasil, em maio de 2005, foi promulgada a Lei No. 11.121, criando o Dia Nacional em Mem\u00f3ria das V\u00edtimas de Acidentes e Doen\u00e7as do Trabalho.<\/span><\/p>\n<p><span style=\"font-weight: 400\">No dia 07 de abril \u00e9 celebrado o dia Mundial da Sa\u00fade, institu\u00edda pela Organiza\u00e7\u00e3o Mundial da Sa\u00fade, que define: a sa\u00fade \u00e9 um estado de completo bem-estar f\u00edsico, mental e social e n\u00e3o apenas a aus\u00eancia de doen\u00e7a ou enfermidade. Criada em 1948, a data tem como objetivo conscientizar a popula\u00e7\u00e3o a respeito da qualidade de vida e dos diferentes fatores que afetam a sa\u00fade populacional.<\/span><\/p>\n<p><b>Em mem\u00f3ria<\/b><\/p>\n<p><span style=\"font-weight: 400\">Em 28 de abril lamenta-se por aqueles que morreram. No entanto, as mortes no trabalho tamb\u00e9m s\u00e3o um lembrete de que todos os n\u00edveis de governo s\u00e3o fundamentais para fazer mais por leis de sa\u00fade e seguran\u00e7a e vigorosamente julgar viola\u00e7\u00f5es quando um trabalhador \u00e9 morto ou gravemente ferido.<\/span><\/p>\n<p><span style=\"font-weight: 400\">Segundo dados da\u00a0<\/span><a href=\"http:\/\/www.oit.org.br\/\"><span style=\"font-weight: 400\">OIT<\/span><\/a><span style=\"font-weight: 400\">\u00a0(Organiza\u00e7\u00e3o Internacional do Trabalho), divulgados em 2013, 2 milh\u00f5es de pessoas morrem por ano por conta de doen\u00e7as ocupacionais no mundo. J\u00e1 o n\u00famero de acidentes de trabalho fatais ao ano chega a 321 mil. Neste panorama, a cada 15 segundos, um trabalhador morre por conta de uma doen\u00e7a relacionada ao trabalho.<\/span><\/p>\n<p><span style=\"font-weight: 400\">Os dados da Organiza\u00e7\u00e3o Internacional do Trabalho (OIT) colocam o Brasil como 4\u00ba\u00a0colocado no ranking mundial de acidentes fatais de trabalho. No Brasil, s\u00e3o quase 4 mil mortes anualmente em decorr\u00eancia de acidentes de trabalho. Em Ponta Por\u00e3, neste ano, n\u00e3o h\u00e1 registro de vitima fatal de acidente no trabalho. Por\u00e9m foram seis notifica\u00e7\u00f5es de acidentes de trabalho graves registradas. <\/span><\/p>\n<p><img loading=\"lazy\" decoding=\"async\" class=\"alignnone size-medium wp-image-897\" src=\"http:\/\/pontapora.ms.gov.br\/v2\/wp-content\/uploads\/2017\/04\/abril-verde-2-300x169.jpg\" alt=\"\" width=\"300\" height=\"169\" srcset=\"https:\/\/pontapora.ms.gov.br\/v2\/wp-content\/uploads\/2017\/04\/abril-verde-2-300x169.jpg 300w, https:\/\/pontapora.ms.gov.br\/v2\/wp-content\/uploads\/2017\/04\/abril-verde-2-768x432.jpg 768w, https:\/\/pontapora.ms.gov.br\/v2\/wp-content\/uploads\/2017\/04\/abril-verde-2-1024x576.jpg 1024w, https:\/\/pontapora.ms.gov.br\/v2\/wp-content\/uploads\/2017\/04\/abril-verde-2-684x385.jpg 684w, https:\/\/pontapora.ms.gov.br\/v2\/wp-content\/uploads\/2017\/04\/abril-verde-2-285x160.jpg 285w, https:\/\/pontapora.ms.gov.br\/v2\/wp-content\/uploads\/2017\/04\/abril-verde-2.jpg 1280w\" sizes=\"auto, (max-width: 300px) 100vw, 300px\" \/> <img loading=\"lazy\" decoding=\"async\" class=\"alignnone size-medium wp-image-898\" src=\"http:\/\/pontapora.ms.gov.br\/v2\/wp-content\/uploads\/2017\/04\/abril-verde-300x169.jpg\" alt=\"\" width=\"300\" height=\"169\" srcset=\"https:\/\/pontapora.ms.gov.br\/v2\/wp-content\/uploads\/2017\/04\/abril-verde-300x169.jpg 300w, https:\/\/pontapora.ms.gov.br\/v2\/wp-content\/uploads\/2017\/04\/abril-verde-768x432.jpg 768w, https:\/\/pontapora.ms.gov.br\/v2\/wp-content\/uploads\/2017\/04\/abril-verde-1024x576.jpg 1024w, https:\/\/pontapora.ms.gov.br\/v2\/wp-content\/uploads\/2017\/04\/abril-verde-684x385.jpg 684w, https:\/\/pontapora.ms.gov.br\/v2\/wp-content\/uploads\/2017\/04\/abril-verde-285x160.jpg 285w, https:\/\/pontapora.ms.gov.br\/v2\/wp-content\/uploads\/2017\/04\/abril-verde.jpg 1280w\" sizes=\"auto, (max-width: 300px) 100vw, 300px\" \/><\/p>\n","protected":false},"excerpt":{"rendered":"<p>Em Ponta Por\u00e3, a Prefeitura Municipal, atrav\u00e9s da secretaria Municipal de Sa\u00fade, promoveu uma movimenta\u00e7\u00e3o referente ao Abril Verde, iniciativa que visa conscientizar as pessoas sobre a necessidade de prevenir acidentes nos locais de trabalho. A movimenta\u00e7\u00e3o foi realizada no final da tarde de quinta-feira, 27 de abril, nas proximidades da antiga Pra\u00e7a L\u00edcio Borralho, [&hellip;]<\/p>\n","protected":false},"author":8,"featured_media":898,"comment_status":"closed","ping_status":"closed","sticky":false,"template":"","format":"standard","meta":{"ngg_post_thumbnail":0,"footnotes":""},"categories":[17,9],"tags":[],"class_list":["post-896","post","type-post","status-publish","format-standard","has-post-thumbnail","hentry","category-destaques","category-secretaria-municipal-de-saude"],"_links":{"self":[{"href":"https:\/\/pontapora.ms.gov.br\/v2\/wp-json\/wp\/v2\/posts\/896","targetHints":{"allow":["GET"]}}],"collection":[{"href":"https:\/\/pontapora.ms.gov.br\/v2\/wp-json\/wp\/v2\/posts"}],"about":[{"href":"https:\/\/pontapora.ms.gov.br\/v2\/wp-json\/wp\/v2\/types\/post"}],"author":[{"embeddable":true,"href":"https:\/\/pontapora.ms.gov.br\/v2\/wp-json\/wp\/v2\/users\/8"}],"replies":[{"embeddable":true,"href":"https:\/\/pontapora.ms.gov.br\/v2\/wp-json\/wp\/v2\/comments?post=896"}],"version-history":[{"count":1,"href":"https:\/\/pontapora.ms.gov.br\/v2\/wp-json\/wp\/v2\/posts\/896\/revisions"}],"predecessor-version":[{"id":899,"href":"https:\/\/pontapora.ms.gov.br\/v2\/wp-json\/wp\/v2\/posts\/896\/revisions\/899"}],"wp:featuredmedia":[{"embeddable":true,"href":"https:\/\/pontapora.ms.gov.br\/v2\/wp-json\/wp\/v2\/media\/898"}],"wp:attachment":[{"href":"https:\/\/pontapora.ms.gov.br\/v2\/wp-json\/wp\/v2\/media?parent=896"}],"wp:term":[{"taxonomy":"category","embeddable":true,"href":"https:\/\/pontapora.ms.gov.br\/v2\/wp-json\/wp\/v2\/categories?post=896"},{"taxonomy":"post_tag","embeddable":true,"href":"https:\/\/pontapora.ms.gov.br\/v2\/wp-json\/wp\/v2\/tags?post=896"}],"curies":[{"name":"wp","href":"https:\/\/api.w.org\/{rel}","templated":true}]}}