{"id":931,"date":"2017-05-10T14:53:24","date_gmt":"2017-05-10T18:53:24","guid":{"rendered":"http:\/\/pontapora.ms.gov.br\/v2\/?p=931"},"modified":"2024-10-08T11:08:26","modified_gmt":"2024-10-08T15:08:26","slug":"atletismo-de-ponta-pora-obtem-grande-conquista-em-competicao-nacional","status":"publish","type":"post","link":"https:\/\/pontapora.ms.gov.br\/v2\/atletismo-de-ponta-pora-obtem-grande-conquista-em-competicao-nacional\/","title":{"rendered":"Atletismo de Ponta Por\u00e3 obt\u00e9m grande conquista em competi\u00e7\u00e3o nacional"},"content":{"rendered":"<p><span style=\"font-weight: 400\">Os atletas de Ponta Por\u00e3 na modalidade de atletismo, estudantes na E.E. Fernando Saldanha participaram nos dias 28 a 30 de abril do 2\u00ba Campeonato Brasileiro de Atletismo Escolar na cidade de Porto Alegre \u2013RS, para os nascidos entre 1999 a 2002( 15 a 18 anos), organizado pela CBDE \u2013 Confedera\u00e7\u00e3o Brasileira de Desporto Escolar e com apoio da FEEMS \u2013 Federa\u00e7\u00e3o de Esporte Escolar de MS, FUNDESPORTE, FUNCESPP e da E.E. Fernando Saldanha. <\/span><\/p>\n<p><span style=\"font-weight: 400\">Os atletas treinam no Projeto de Atletismo de Ponta mantido pela Prefeitura Municipal atrav\u00e9s da FUNCESPP e em parceria com a FUNDESPORTE\/SED-MS dentro do Programa Escolar de Desenvolvimento Esportivo de MS, para esse campeonato participaram os atletas: Anair Gomes \u2013 17 anos, Debora Gimenez &#8211; Naiara Lopes \u2013 16 anos, Sabrina Benites \u2013 15 anos, Raiane Acosta \u2013 15 anos, Rafael Silva \u2013 15 anos, Rian Santos \u2013 16 anos, que \u00a0conquistaram excelentes resultados.<\/span><\/p>\n<p><span style=\"font-weight: 400\">A atleta Sabrina Benites na prova de 1.500 m e Anair Gomes na prova de Lan\u00e7amento do Disco conquistaram medalha de prata e s\u00e3o vice campe\u00e3 Brasileiras, j\u00e1 Rafael Silva na prova de 800m e Raiane Acosta na prova de 1.500m conquistaram medalha de bronze ficando em terceiro lugar no Campeonato, as atletas Naiara Lopes na prova de lan\u00e7amento do disco \u00a0e Debora Gimenez na prova de lan\u00e7amento do Dardo conquistaram o 4\u00ba lugar e Rian Santos na prova de salto a distancia que conquistou o 6\u00ba lugar.<\/span><\/p>\n<p><span style=\"font-weight: 400\">\u201cAgrade\u00e7o a Deus por nos guiar nesta jornada ate Porto Alegre e principalmente aos pais dos atletas que apoiam e confiam em nosso trabalho, tamb\u00e9m agradecer ao Prefeito Helio Peluffo que mesmo com as dificuldades financeiras vem atendendo nosso projeto e n\u00e3o deixando parar, a Dire\u00e7\u00e3o da Escola Estadual Fernando Saldanha Prof. Leandro e Profa. Marjorie que tamb\u00e9m abra\u00e7ou o projeto e entende que \u00e9 importante para a forma\u00e7\u00e3o escolar de nossos alunos e ainda a Fundesporte, FEEMS, SED\/MS por nos apoiar nesta jornada\u201d, afirmou o professor Ageu Oliveira.<\/span><img loading=\"lazy\" decoding=\"async\" class=\"alignnone size-medium wp-image-932\" src=\"http:\/\/pontapora.ms.gov.br\/v2\/wp-content\/uploads\/2017\/05\/ageu-300x225.jpg\" alt=\"\" width=\"300\" height=\"225\" srcset=\"https:\/\/pontapora.ms.gov.br\/v2\/wp-content\/uploads\/2017\/05\/ageu-300x225.jpg 300w, https:\/\/pontapora.ms.gov.br\/v2\/wp-content\/uploads\/2017\/05\/ageu-513x385.jpg 513w, https:\/\/pontapora.ms.gov.br\/v2\/wp-content\/uploads\/2017\/05\/ageu-272x204.jpg 272w, https:\/\/pontapora.ms.gov.br\/v2\/wp-content\/uploads\/2017\/05\/ageu.jpg 640w\" sizes=\"auto, (max-width: 300px) 100vw, 300px\" \/><\/p>\n<p><img loading=\"lazy\" decoding=\"async\" class=\"alignnone size-medium wp-image-933\" src=\"http:\/\/pontapora.ms.gov.br\/v2\/wp-content\/uploads\/2017\/05\/5910d6d686d37914897d126dff1ac7b97967715782394_img_20170505_092845-300x197.jpg\" alt=\"\" width=\"300\" height=\"197\" srcset=\"https:\/\/pontapora.ms.gov.br\/v2\/wp-content\/uploads\/2017\/05\/5910d6d686d37914897d126dff1ac7b97967715782394_img_20170505_092845-300x197.jpg 300w, https:\/\/pontapora.ms.gov.br\/v2\/wp-content\/uploads\/2017\/05\/5910d6d686d37914897d126dff1ac7b97967715782394_img_20170505_092845-768x505.jpg 768w, https:\/\/pontapora.ms.gov.br\/v2\/wp-content\/uploads\/2017\/05\/5910d6d686d37914897d126dff1ac7b97967715782394_img_20170505_092845-586x385.jpg 586w, https:\/\/pontapora.ms.gov.br\/v2\/wp-content\/uploads\/2017\/05\/5910d6d686d37914897d126dff1ac7b97967715782394_img_20170505_092845-285x187.jpg 285w, https:\/\/pontapora.ms.gov.br\/v2\/wp-content\/uploads\/2017\/05\/5910d6d686d37914897d126dff1ac7b97967715782394_img_20170505_092845.jpg 960w\" sizes=\"auto, (max-width: 300px) 100vw, 300px\" \/><\/p>\n","protected":false},"excerpt":{"rendered":"<p>Os atletas de Ponta Por\u00e3 na modalidade de atletismo, estudantes na E.E. Fernando Saldanha participaram nos dias 28 a 30 de abril do 2\u00ba Campeonato Brasileiro de Atletismo Escolar na cidade de Porto Alegre \u2013RS, para os nascidos entre 1999 a 2002( 15 a 18 anos), organizado pela CBDE \u2013 Confedera\u00e7\u00e3o Brasileira de Desporto Escolar [&hellip;]<\/p>\n","protected":false},"author":8,"featured_media":934,"comment_status":"closed","ping_status":"closed","sticky":false,"template":"","format":"standard","meta":{"ngg_post_thumbnail":0,"footnotes":""},"categories":[17,14],"tags":[],"class_list":["post-931","post","type-post","status-publish","format-standard","has-post-thumbnail","hentry","category-destaques","category-fundacao-de-cultura-e-esportes-de-ponta-pora"],"_links":{"self":[{"href":"https:\/\/pontapora.ms.gov.br\/v2\/wp-json\/wp\/v2\/posts\/931","targetHints":{"allow":["GET"]}}],"collection":[{"href":"https:\/\/pontapora.ms.gov.br\/v2\/wp-json\/wp\/v2\/posts"}],"about":[{"href":"https:\/\/pontapora.ms.gov.br\/v2\/wp-json\/wp\/v2\/types\/post"}],"author":[{"embeddable":true,"href":"https:\/\/pontapora.ms.gov.br\/v2\/wp-json\/wp\/v2\/users\/8"}],"replies":[{"embeddable":true,"href":"https:\/\/pontapora.ms.gov.br\/v2\/wp-json\/wp\/v2\/comments?post=931"}],"version-history":[{"count":1,"href":"https:\/\/pontapora.ms.gov.br\/v2\/wp-json\/wp\/v2\/posts\/931\/revisions"}],"predecessor-version":[{"id":935,"href":"https:\/\/pontapora.ms.gov.br\/v2\/wp-json\/wp\/v2\/posts\/931\/revisions\/935"}],"wp:featuredmedia":[{"embeddable":true,"href":"https:\/\/pontapora.ms.gov.br\/v2\/wp-json\/wp\/v2\/media\/934"}],"wp:attachment":[{"href":"https:\/\/pontapora.ms.gov.br\/v2\/wp-json\/wp\/v2\/media?parent=931"}],"wp:term":[{"taxonomy":"category","embeddable":true,"href":"https:\/\/pontapora.ms.gov.br\/v2\/wp-json\/wp\/v2\/categories?post=931"},{"taxonomy":"post_tag","embeddable":true,"href":"https:\/\/pontapora.ms.gov.br\/v2\/wp-json\/wp\/v2\/tags?post=931"}],"curies":[{"name":"wp","href":"https:\/\/api.w.org\/{rel}","templated":true}]}}